{"id":10292,"date":"2016-10-26T14:43:12","date_gmt":"2016-10-26T17:43:12","guid":{"rendered":"http:\/\/www.impacta.com.br\/blog\/?p=10292"},"modified":"2016-10-26T14:43:12","modified_gmt":"2016-10-26T17:43:12","slug":"quais-as-vantagens-de-ser-um-profissional-com-certificacao","status":"publish","type":"post","link":"https:\/\/www.impacta.com.br\/blog\/quais-as-vantagens-de-ser-um-profissional-com-certificacao\/","title":{"rendered":"Quais as vantagens de ser um profissional com certifica\u00e7\u00e3o?"},"content":{"rendered":"<p style=\"text-align: left;\"><span style=\"font-size: 14pt;\">Renato \u00e9 um funcion\u00e1rio que faz toda a diferen\u00e7a dentro da rotina da empresa em que atua. Al\u00e9m de ter um bom relacionamento interpessoal e de dominar as t\u00e9cnicas de sua fun\u00e7\u00e3o, ele traz em sua bagagem cultural um requisito muito valorizado pelos gestores: <a title=\"Como escolher os melhores cursos e certifica\u00e7\u00f5es em alta no mercado?\" href=\"https:\/\/www.impacta.com.br\/blog\/2017\/06\/09\/como-escolher-os-melhores-cursos-e-certificacoes-em-alta-no-mercado\/\" target=\"_blank\" rel=\"noopener noreferrer\">cursos de certifica\u00e7\u00e3o profissional<\/a>.<\/span><\/p>\n<p style=\"text-align: justify;\"><span style=\"font-size: 14pt;\">E n\u00e3o foram poucos conclu\u00eddos nos \u00faltimos anos. Forma\u00e7\u00f5es conquistadas ap\u00f3s estudos apurados que contribu\u00edram para 2 promo\u00e7\u00f5es em um intervalo de 5 anos.<\/span><\/p>\n<p style=\"text-align: justify;\"><span style=\"font-size: 14pt;\">Al\u00e9m disso, Renato \u00e9 constantemente assediado por outras empresas e j\u00e1 conta com um portf\u00f3lio que o diferencia de muitos outros profissionais. Sem contar a qualidade do servi\u00e7o e confian\u00e7a obtida gra\u00e7as aos seus conhecimentos te\u00f3ricos e pr\u00e1ticos.<\/span><\/p>\n<p><span style=\"font-size: 14pt;\">E ele n\u00e3o teria atingido o auge de sua carreira se n\u00e3o fossem os cursos de certifica\u00e7\u00e3o. A pergunta \u00e9: voc\u00ea sabe a import\u00e2ncia desse tipo de aperfei\u00e7oamento profissional? \u00c9 o que vamos explicar neste post. Leia:<\/span><\/p>\n<h2 style=\"text-align: left;\"><span style=\"font-size: 14pt;\"><strong>As vantagens de uma certifica\u00e7\u00e3o<\/strong><\/span><\/h2>\n<p style=\"text-align: center;\"><span style=\"font-size: 14pt;\"><a href=\"https:\/\/www.impacta.com.br\/blog\/wp-content\/uploads\/2016\/10\/shutterstock_116922742.jpg\" target=\"_blank\" rel=\"noopener noreferrer\"><img loading=\"lazy\" decoding=\"async\" class=\"aligncenter wp-image-10296\" title=\"Conhe\u00e7a algumas das vantagens de ser um profissional com certitica\u00e7\u00e3o\" src=\"https:\/\/www.impacta.com.br\/blog\/wp-content\/uploads\/2016\/10\/shutterstock_116922742.jpg\" alt=\"Conhe\u00e7a algumas das vantagens de ser um profissional com certitica\u00e7\u00e3o\" width=\"600\" height=\"400\" \/><\/a><\/span><\/p>\n<h3 style=\"text-align: justify;\"><span style=\"font-size: 14pt;\"><strong>Atualiza\u00e7\u00e3o constante<\/strong><\/span><\/h3>\n<p style=\"text-align: left;\"><span style=\"font-size: 14pt;\">Al\u00e9m de contribuir para a devida <a title=\"6 motivos para investir no treinamento e capacita\u00e7\u00e3o dos colaboradores. E lucrar com isso!\" href=\"https:\/\/www.impacta.com.br\/blog\/2016\/09\/23\/6-motivos-para-investir-no-treinamento-e-capacitacao-dos-colaboradores-e-lucrar-com-isso\/\" target=\"_blank\" rel=\"noopener noreferrer\"><span style=\"text-decoration: underline;\">prepara\u00e7\u00e3o dos colaboradores<\/span><\/a> com foco na melhoria da qualidade dos servi\u00e7os prestados no dia a dia, as certifica\u00e7\u00f5es t\u00eam outra vantagem de suma import\u00e2ncia: a constante atualiza\u00e7\u00e3o.<\/span><\/p>\n<p><span style=\"font-size: 14pt;\">Afinal, os cursos trazem sempre novos conhecimentos por meio de teorias e pr\u00e1ticas mais modernas, de acordo com a realidade do mercado e do tipo de fun\u00e7\u00e3o.<\/span><\/p>\n<p style=\"text-align: left;\"><span style=\"font-size: 14pt;\">Quem busca certifica\u00e7\u00f5es, como o Renato, precisa, inevitavelmente, estudar para obter boas avalia\u00e7\u00f5es nos testes aplicados ao longo dos cursos ou no momento da conclus\u00e3o, antes da obten\u00e7\u00e3o do diploma.<\/span><\/p>\n<h3><span style=\"font-size: 14pt;\"><strong>Curr\u00edculo cobi\u00e7ado<\/strong><\/span><\/h3>\n<p style=\"text-align: left;\"><span style=\"font-size: 14pt;\">O profissional que tem certifica\u00e7\u00f5es se destaca nos processos seletivos. Seja para conseguir um emprego melhor ou retornar ao <a title=\"e-Book \u2013 Mercado de trabalho: como fazer um ingresso triunfal na sua \u00e1rea de atua\u00e7\u00e3o?\" href=\"https:\/\/www.impacta.com.br\/blog\/2016\/11\/30\/e-book-mercado-de-trabalho-como-fazer-um-ingresso-triunfal-na-sua-area-de-atuacao-2\/\" target=\"_blank\" rel=\"noopener noreferrer\">mercado de trabalho<\/a>, essa capacita\u00e7\u00e3o assegurada se torna um diferencial para bater a concorr\u00eancia.<\/span><\/p>\n<p style=\"text-align: left;\"><span style=\"font-size: 14pt;\">Hoje, o diploma de curso superior e o ingl\u00eas fluente j\u00e1 n\u00e3o garantem mais uma boa coloca\u00e7\u00e3o dentro de in\u00fameras corpora\u00e7\u00f5es, que se tornam cada mais exigentes quanto \u00e0 qualidade dos servi\u00e7os por seus colaboradores.<\/span><\/p>\n<p style=\"text-align: left;\"><span style=\"font-size: 14pt;\">Ter conhecimento pr\u00e1tico das tecnologias utilizadas em diferentes <a title=\"7 profiss\u00f5es do futuro que estar\u00e3o em alta nos pr\u00f3ximos 5 anos\" href=\"https:\/\/www.impacta.com.br\/blog\/2016\/11\/07\/7-profissoes-do-futuro-que-estarao-em-alta-nos-proximos-5-anos\/\" target=\"_blank\" rel=\"noopener noreferrer\">profiss\u00f5es <\/a>faz com que a empresa valorize mais os profissionais credenciados e com dom\u00ednio dos conte\u00fados. E a certifica\u00e7\u00e3o dos funcion\u00e1rios contribuem at\u00e9 mesmo para as avalia\u00e7\u00f5es internacionais a que muitas empresas s\u00e3o submetidas.<\/span><\/p>\n<h3><span style=\"font-size: 14pt;\"><strong>Capacita\u00e7\u00e3o e produtividade<\/strong><\/span><\/h3>\n<p style=\"text-align: left;\"><span style=\"font-size: 14pt;\">Depois de concluir uma certifica\u00e7\u00e3o, \u00e9 comum que os profissionais aumentem a produtividade n\u00e3o s\u00f3 em raz\u00e3o dos novos conhecimentos ou da reciclagem, como tamb\u00e9m pelo fato de a satisfa\u00e7\u00e3o pessoal estar diretamente relacionada \u00e0 sensa\u00e7\u00e3o de evolu\u00e7\u00e3o.<\/span><\/p>\n<p style=\"text-align: left;\"><span style=\"font-size: 14pt;\">Os cursos trazem mais est\u00edmulo, motivando os colaboradores, o que acaba impactando nos processos produtivos. Afinal, a autoestima aumenta e faz com que a pessoa trabalhe com mais otimismo e se empenhe para obter futuras conquistas, como uma <a title=\"Aprenda como conquistar uma promo\u00e7\u00e3o no trabalho!\" href=\"https:\/\/www.impacta.com.br\/blog\/2016\/11\/14\/aprenda-como-conquistar-uma-promocao-no-trabalho\/\" target=\"_blank\" rel=\"noopener noreferrer\">promo\u00e7\u00e3o <\/a>ou at\u00e9 mesmo a vit\u00f3ria sobre um desafio enfrentado pela empresa.<\/span><\/p>\n<h3><span style=\"font-size: 14pt;\"><strong>Desenvolvimento profissional acelerado<\/strong><\/span><\/h3>\n<p style=\"text-align: left;\"><span style=\"font-size: 14pt;\">O sonho de muitos trabalhadores \u00e9 chegar ao topo da carreira, liderando equipes e se tornando exemplo para os colegas dentro do ambiente da corpora\u00e7\u00e3o.<\/span><\/p>\n<p style=\"text-align: left;\"><span style=\"font-size: 14pt;\">Como n\u00e3o \u00e9 f\u00e1cil avan\u00e7ar em todos os est\u00e1gios de uma ascens\u00e3o profissional, a obten\u00e7\u00e3o de certifica\u00e7\u00f5es se revela como grande aliada para evoluir na carreira.<\/span><\/p>\n<p style=\"text-align: left;\"><span style=\"font-size: 14pt;\">Ou seja, quem se certifica vai muito al\u00e9m da simples atualiza\u00e7\u00e3o, pois acaba aumentando as possibilidades dentro de um menor espa\u00e7o de tempo em compara\u00e7\u00e3o aos colaboradores que se mant\u00eam na zona de conforto.<\/span><\/p>\n<h3><span style=\"font-size: 14pt;\"><strong>Melhoria de imagem<\/strong><\/span><\/h3>\n<p style=\"text-align: left;\"><span style=\"font-size: 14pt;\">Gestores n\u00e3o est\u00e3o apenas de olho nos rendimentos di\u00e1rios dos integrantes de seu time. As avalia\u00e7\u00f5es levam em conta tanto a <a title=\"6 dicas para estimular a produtividade em seus colaboradores\" href=\"https:\/\/www.impacta.com.br\/blog\/2015\/11\/24\/6-dicas-para-estimular-a-produtividade-em-seus-colaboradores\/\" target=\"_blank\" rel=\"noopener noreferrer\">produtividade<\/a> quanto o interesse dos profissionais para treinamentos e capacita\u00e7\u00f5es ao longo de um ano.<\/span><\/p>\n<p><span style=\"font-size: 14pt;\">Por isso, a certifica\u00e7\u00e3o acaba sendo um fator que melhora a perceptividade da empresa em rela\u00e7\u00e3o ao funcion\u00e1rio, pois refor\u00e7a a imagem de que o profissional quer crescer e est\u00e1 disposto a enfrentar desafios na busca pela excel\u00eancia no desempenho das atribui\u00e7\u00f5es que lhe s\u00e3o conferidas.<\/span><\/p>\n<p style=\"text-align: left;\"><span style=\"font-size: 14pt;\"><strong>E mais:<\/strong> promo\u00e7\u00f5es normalmente chegam em momentos inesperados, de forma que \u00e9 melhor estar preparado para aproveitar a oportunidade quando ela bater em sua porta.<\/span><\/p>\n<h3><span style=\"font-size: 14pt;\"><strong>Maior credibilidade no mercado<\/strong><\/span><\/h3>\n<p style=\"text-align: left;\"><span style=\"font-size: 14pt;\">As empresas que investem em certifica\u00e7\u00f5es \u2014 corporativas ou dos seus funcion\u00e1rios \u2014 conquistam maior credibilidade no mercado e s\u00e3o melhor avaliadas por clientes e fornecedores.<\/span><\/p>\n<p style=\"text-align: left;\"><span style=\"font-size: 14pt;\">Como os cursos s\u00e3o uma garantia de conhecimento aprofundado, haver\u00e1 progresso tamb\u00e9m quanto \u00e0 qualidade dos servi\u00e7os, colocando a empresa em vantagem em compara\u00e7\u00e3o aos concorrentes e auxiliando na conquista de mais espa\u00e7o dentro do campo de atua\u00e7\u00e3o.<\/span><\/p>\n<p style=\"text-align: left;\"><span style=\"font-size: 14pt;\">Al\u00e9m disso, na hora de fechar determinados contratos, companhias que t\u00eam colaboradores certificados em seu quadro de profissionais tendem a ter mais vantagem competitiva nas concorr\u00eancias p\u00fablicas ou privadas.<\/span><\/p>\n<p style=\"text-align: left;\"><span style=\"font-size: 14pt;\">Agora que voc\u00ea ficou por dentro das principais vantagens de ser um profissional com certifica\u00e7\u00e3o, que tal conhecer <strong>3 certifica\u00e7\u00f5es muito requisitadas no mercado?<\/strong> Interessado? Ent\u00e3o, continue lendo!<\/span><\/p>\n<h2 style=\"text-align: left;\"><span style=\"font-size: 14pt;\"><strong>Os cursos e certifica\u00e7\u00f5es mais requisitados<\/strong><\/span><\/h2>\n<h3><span style=\"font-size: 14pt;\"><strong>Certifica\u00e7\u00e3o Exin Foundation<\/strong><\/span><\/h3>\n<p style=\"text-align: left;\"><span style=\"font-size: 14pt;\">Voltado para pessoas que atuam na \u00e1rea de desenvolvimento de softwares, este curso \u00e9 um preparat\u00f3rio para a certifica\u00e7\u00e3o Exin Foundation. <\/span><\/p>\n<p style=\"text-align: left;\"><span style=\"font-size: 14pt;\">Com um conte\u00fado aprovado internacionalmente, o\u00a0curso apresenta\u00a0<a title=\"Curso de Agile Scrum com certifica\u00e7\u00e3o Exin\" href=\"https:\/\/www.impacta.com.br\/curso\/Agile-Scrum-Preparatorio-para-a-certificacao-EXIN-Foundation.php\" target=\"_blank\" rel=\"noopener noreferrer\"><span style=\"text-decoration: underline;\">as pr\u00e1ticas Scrum e metodologia Agile<\/span><\/a>, atualmente muito valorizadas pelo mercado das empresas de tecnologia da informa\u00e7\u00e3o.<\/span><\/p>\n<h3 style=\"text-align: left;\"><span style=\"font-size: 14pt;\"><strong>Certifica\u00e7\u00e3o PMP V5<\/strong><\/span><\/h3>\n<p style=\"text-align: left;\"><span style=\"font-size: 14pt;\">Uma das mais reconhecidas certifica\u00e7\u00f5es na \u00e1rea de projetos, a <a title=\"Curso PMP preparat\u00f3rio para certtifica\u00e7\u00e3o\" href=\"https:\/\/www.impacta.com.br\/curso\/Preparatorio-para-a-Certificacao-PMP-V5.php\" target=\"_blank\" rel=\"noopener noreferrer\"><span style=\"text-decoration: underline;\">Project Management Professional<\/span><\/a> (PMP) \u00e9 muito desejada pelos profissionais que atuam com gerenciamentos. Seu conte\u00fado trata de temas como a integra\u00e7\u00e3o de equipes e a busca por melhores resultados nos times de projetos.<\/span><\/p>\n<p style=\"text-align: left;\"><span style=\"font-size: 14pt;\">Muito valorizada pelas empresas, esta certifica\u00e7\u00e3o \u00e9 um passo importante de todo profissional que busca reconhecimento e novas conquistas no mercado de trabalho.<\/span><\/p>\n<h4 style=\"text-align: left;\"><span style=\"font-size: 14pt;\"><strong>Um investimento que vale a pena<\/strong><\/span><\/h4>\n<p style=\"text-align: left;\"><span style=\"font-size: 14pt;\">De uma maneira geral, obter as diferentes certifica\u00e7\u00f5es existentes hoje \u00e9 um investimento com retorno garantido.<\/span><\/p>\n<p style=\"text-align: left;\"><span style=\"font-size: 14pt;\">Afinal, tudo o que se aprende \u00e9 v\u00e1lido e poder\u00e1 ser o come\u00e7o de muitas conquistas dentro do seu campo de atua\u00e7\u00e3o, pois o sucesso \u00e9 constru\u00eddo por meio de pequenas a\u00e7\u00f5es ao longo de um bom per\u00edodo de tempo. Ou seja, n\u00e3o deixe as oportunidades escaparem!<\/span><\/p>\n<p style=\"text-align: left;\"><span style=\"font-size: 14pt;\"><strong>Confira ainda o<\/strong> <a title=\"Baixe o seu e-book gratuito aqui\" href=\"https:\/\/conteudo.impacta.com.br\/como-ser-promovido\" target=\"_blank\" rel=\"noopener noreferrer\">e-Book Gratuito: Como ser promovido? Guia B\u00e1sico da especializa\u00e7\u00e3o profissional!<\/a><\/span><\/p>\n<div class=\"sharing-default-minimal post-bottom\"><div class=\"nectar-social default\" data-position=\"\" data-rm-love=\"0\" data-color-override=\"override\"><div class=\"nectar-social-inner\"><a href=\"#\" class=\"nectar-love\" id=\"nectar-love-10292\" title=\"Love this\"> <i class=\"icon-salient-heart-2\"><\/i><span class=\"love-text\">Love<\/span><span class=\"total_loves\"><span class=\"nectar-love-count\">0<\/span><\/span><\/a><a class='facebook-share nectar-sharing' href='#' title='Share this'> <i class='fa fa-facebook'><\/i> <span class='social-text'>Share<\/span> <\/a><a class='twitter-share nectar-sharing' href='#' title='Share this'> <i class='fa icon-salient-x-twitter'><\/i> <span class='social-text'>Share<\/span> <\/a><a class='linkedin-share nectar-sharing' href='#' title='Share this'> <i class='fa fa-linkedin'><\/i> <span class='social-text'>Share<\/span> <\/a><a class='pinterest-share nectar-sharing' href='#' title='Pin this'> <i class='fa fa-pinterest'><\/i> <span class='social-text'>Pin<\/span> <\/a><\/div><\/div><\/div>","protected":false},"excerpt":{"rendered":"<p>Renato \u00e9 um funcion\u00e1rio que faz toda a diferen\u00e7a dentro da rotina da empresa em que atua. Al\u00e9m de ter um bom relacionamento interpessoal e de dominar as t\u00e9cnicas de sua fun\u00e7\u00e3o, ele traz em sua bagagem cultural um requisito muito valorizado pelos gestores: cursos de certifica\u00e7\u00e3o profissional. E n\u00e3o foram poucos conclu\u00eddos nos \u00faltimos [&hellip;]<\/p>\n","protected":false},"author":2,"featured_media":17292,"comment_status":"open","ping_status":"open","sticky":false,"template":"","format":"standard","meta":{"footnotes":""},"categories":[13],"tags":[45,466],"class_list":["post-10292","post","type-post","status-publish","format-standard","has-post-thumbnail","hentry","category-carreira","tag-certificacao","tag-profissional-certificado"],"yoast_head":"<!-- This site is optimized with the Yoast SEO plugin v25.1 - https:\/\/yoast.com\/wordpress\/plugins\/seo\/ -->\r\n<title>Quais as vantagens de ser um profissional com certifica\u00e7\u00e3o?<\/title>\r\n<meta name=\"description\" content=\"Voc\u00ea sabe quais s\u00e3o as vantagens de ser um profissional com certifica\u00e7\u00e3o? Conhe\u00e7a os benef\u00edcios de fazer um curso e ter um certificado no seu curr\u00edculo:\" \/>\r\n<meta name=\"robots\" content=\"index, follow, max-snippet:-1, max-image-preview:large, max-video-preview:-1\" \/>\r\n<link rel=\"canonical\" href=\"https:\/\/www.impacta.com.br\/blog\/quais-as-vantagens-de-ser-um-profissional-com-certificacao\/\" \/>\r\n<meta property=\"og:locale\" content=\"pt_BR\" \/>\r\n<meta property=\"og:type\" content=\"article\" \/>\r\n<meta property=\"og:title\" content=\"Quais as vantagens de ser um profissional com certifica\u00e7\u00e3o?\" \/>\r\n<meta property=\"og:description\" content=\"Voc\u00ea sabe quais s\u00e3o as vantagens de ser um profissional com certifica\u00e7\u00e3o? Conhe\u00e7a os benef\u00edcios de fazer um curso e ter um certificado no seu curr\u00edculo:\" \/>\r\n<meta property=\"og:url\" content=\"https:\/\/www.impacta.com.br\/blog\/quais-as-vantagens-de-ser-um-profissional-com-certificacao\/\" \/>\r\n<meta property=\"og:site_name\" content=\"Blog Impacta - Dicas e Not\u00edcias sobre Carreira\" \/>\r\n<meta property=\"article:published_time\" content=\"2016-10-26T17:43:12+00:00\" \/>\r\n<meta property=\"og:image\" content=\"https:\/\/www.impacta.com.br\/blog\/wp-content\/uploads\/2020\/04\/Header_profissional-com-certificaca.jpg\" \/>\r\n\t<meta property=\"og:image:width\" content=\"850\" \/>\r\n\t<meta property=\"og:image:height\" content=\"284\" \/>\r\n\t<meta property=\"og:image:type\" content=\"image\/jpeg\" \/>\r\n<meta name=\"author\" content=\"Reda\u00e7\u00e3o Impacta\" \/>\r\n<meta name=\"twitter:card\" content=\"summary_large_image\" \/>\r\n<meta name=\"twitter:label1\" content=\"Written by\" \/>\n\t<meta name=\"twitter:data1\" content=\"Reda\u00e7\u00e3o Impacta\" \/>\n\t<meta name=\"twitter:label2\" content=\"Est. reading time\" \/>\n\t<meta name=\"twitter:data2\" content=\"5 minutos\" \/>\r\n<script type=\"application\/ld+json\" class=\"yoast-schema-graph\">{\"@context\":\"https:\/\/schema.org\",\"@graph\":[{\"@type\":\"WebPage\",\"@id\":\"https:\/\/www.impacta.com.br\/blog\/quais-as-vantagens-de-ser-um-profissional-com-certificacao\/\",\"url\":\"https:\/\/www.impacta.com.br\/blog\/quais-as-vantagens-de-ser-um-profissional-com-certificacao\/\",\"name\":\"Quais as vantagens de ser um profissional com certifica\u00e7\u00e3o?\",\"isPartOf\":{\"@id\":\"https:\/\/www.impacta.com.br\/blog\/#website\"},\"primaryImageOfPage\":{\"@id\":\"https:\/\/www.impacta.com.br\/blog\/quais-as-vantagens-de-ser-um-profissional-com-certificacao\/#primaryimage\"},\"image\":{\"@id\":\"https:\/\/www.impacta.com.br\/blog\/quais-as-vantagens-de-ser-um-profissional-com-certificacao\/#primaryimage\"},\"thumbnailUrl\":\"https:\/\/www.impacta.com.br\/blog\/wp-content\/uploads\/2020\/04\/Header_profissional-com-certificaca.jpg\",\"datePublished\":\"2016-10-26T17:43:12+00:00\",\"author\":{\"@id\":\"https:\/\/www.impacta.com.br\/blog\/#\/schema\/person\/2e0896bac7656da15b68f5ad2ddd0d8c\"},\"description\":\"Voc\u00ea sabe quais s\u00e3o as vantagens de ser um profissional com certifica\u00e7\u00e3o? Conhe\u00e7a os benef\u00edcios de fazer um curso e ter um certificado no seu curr\u00edculo:\",\"breadcrumb\":{\"@id\":\"https:\/\/www.impacta.com.br\/blog\/quais-as-vantagens-de-ser-um-profissional-com-certificacao\/#breadcrumb\"},\"inLanguage\":\"pt-BR\",\"potentialAction\":[{\"@type\":\"ReadAction\",\"target\":[\"https:\/\/www.impacta.com.br\/blog\/quais-as-vantagens-de-ser-um-profissional-com-certificacao\/\"]}]},{\"@type\":\"ImageObject\",\"inLanguage\":\"pt-BR\",\"@id\":\"https:\/\/www.impacta.com.br\/blog\/quais-as-vantagens-de-ser-um-profissional-com-certificacao\/#primaryimage\",\"url\":\"https:\/\/www.impacta.com.br\/blog\/wp-content\/uploads\/2020\/04\/Header_profissional-com-certificaca.jpg\",\"contentUrl\":\"https:\/\/www.impacta.com.br\/blog\/wp-content\/uploads\/2020\/04\/Header_profissional-com-certificaca.jpg\",\"width\":850,\"height\":284},{\"@type\":\"BreadcrumbList\",\"@id\":\"https:\/\/www.impacta.com.br\/blog\/quais-as-vantagens-de-ser-um-profissional-com-certificacao\/#breadcrumb\",\"itemListElement\":[{\"@type\":\"ListItem\",\"position\":1,\"name\":\"In\u00edcio\",\"item\":\"https:\/\/www.impacta.com.br\/blog\/\"},{\"@type\":\"ListItem\",\"position\":2,\"name\":\"Quais as vantagens de ser um profissional com certifica\u00e7\u00e3o?\"}]},{\"@type\":\"WebSite\",\"@id\":\"https:\/\/www.impacta.com.br\/blog\/#website\",\"url\":\"https:\/\/www.impacta.com.br\/blog\/\",\"name\":\"Blog Impacta - Dicas e Not\u00edcias sobre Carreira\",\"description\":\"Dicas, Not\u00edcias e Conte\u00fados sobre Carreira, Tecnologia, Design, Gest\u00e3o e Marketing. Conhe\u00e7a e Acompanhe o Blog Impacta\",\"potentialAction\":[{\"@type\":\"SearchAction\",\"target\":{\"@type\":\"EntryPoint\",\"urlTemplate\":\"https:\/\/www.impacta.com.br\/blog\/?s={search_term_string}\"},\"query-input\":{\"@type\":\"PropertyValueSpecification\",\"valueRequired\":true,\"valueName\":\"search_term_string\"}}],\"inLanguage\":\"pt-BR\"},{\"@type\":\"Person\",\"@id\":\"https:\/\/www.impacta.com.br\/blog\/#\/schema\/person\/2e0896bac7656da15b68f5ad2ddd0d8c\",\"name\":\"Reda\u00e7\u00e3o Impacta\",\"image\":{\"@type\":\"ImageObject\",\"inLanguage\":\"pt-BR\",\"@id\":\"https:\/\/www.impacta.com.br\/blog\/#\/schema\/person\/image\/\",\"url\":\"https:\/\/secure.gravatar.com\/avatar\/7443a59e479c8f31067628e3a4bed9ad?s=96&d=mm&r=g\",\"contentUrl\":\"https:\/\/secure.gravatar.com\/avatar\/7443a59e479c8f31067628e3a4bed9ad?s=96&d=mm&r=g\",\"caption\":\"Reda\u00e7\u00e3o Impacta\"},\"url\":\"https:\/\/www.impacta.com.br\/blog\/author\/redacao\/\"}]}<\/script>\r\n<!-- \/ Yoast SEO plugin. -->","yoast_head_json":{"title":"Quais as vantagens de ser um profissional com certifica\u00e7\u00e3o?","description":"Voc\u00ea sabe quais s\u00e3o as vantagens de ser um profissional com certifica\u00e7\u00e3o? Conhe\u00e7a os benef\u00edcios de fazer um curso e ter um certificado no seu curr\u00edculo:","robots":{"index":"index","follow":"follow","max-snippet":"max-snippet:-1","max-image-preview":"max-image-preview:large","max-video-preview":"max-video-preview:-1"},"canonical":"https:\/\/www.impacta.com.br\/blog\/quais-as-vantagens-de-ser-um-profissional-com-certificacao\/","og_locale":"pt_BR","og_type":"article","og_title":"Quais as vantagens de ser um profissional com certifica\u00e7\u00e3o?","og_description":"Voc\u00ea sabe quais s\u00e3o as vantagens de ser um profissional com certifica\u00e7\u00e3o? Conhe\u00e7a os benef\u00edcios de fazer um curso e ter um certificado no seu curr\u00edculo:","og_url":"https:\/\/www.impacta.com.br\/blog\/quais-as-vantagens-de-ser-um-profissional-com-certificacao\/","og_site_name":"Blog Impacta - Dicas e Not\u00edcias sobre Carreira","article_published_time":"2016-10-26T17:43:12+00:00","og_image":[{"width":850,"height":284,"url":"https:\/\/www.impacta.com.br\/blog\/wp-content\/uploads\/2020\/04\/Header_profissional-com-certificaca.jpg","type":"image\/jpeg"}],"author":"Reda\u00e7\u00e3o Impacta","twitter_card":"summary_large_image","twitter_misc":{"Written by":"Reda\u00e7\u00e3o Impacta","Est. reading time":"5 minutos"},"schema":{"@context":"https:\/\/schema.org","@graph":[{"@type":"WebPage","@id":"https:\/\/www.impacta.com.br\/blog\/quais-as-vantagens-de-ser-um-profissional-com-certificacao\/","url":"https:\/\/www.impacta.com.br\/blog\/quais-as-vantagens-de-ser-um-profissional-com-certificacao\/","name":"Quais as vantagens de ser um profissional com certifica\u00e7\u00e3o?","isPartOf":{"@id":"https:\/\/www.impacta.com.br\/blog\/#website"},"primaryImageOfPage":{"@id":"https:\/\/www.impacta.com.br\/blog\/quais-as-vantagens-de-ser-um-profissional-com-certificacao\/#primaryimage"},"image":{"@id":"https:\/\/www.impacta.com.br\/blog\/quais-as-vantagens-de-ser-um-profissional-com-certificacao\/#primaryimage"},"thumbnailUrl":"https:\/\/www.impacta.com.br\/blog\/wp-content\/uploads\/2020\/04\/Header_profissional-com-certificaca.jpg","datePublished":"2016-10-26T17:43:12+00:00","author":{"@id":"https:\/\/www.impacta.com.br\/blog\/#\/schema\/person\/2e0896bac7656da15b68f5ad2ddd0d8c"},"description":"Voc\u00ea sabe quais s\u00e3o as vantagens de ser um profissional com certifica\u00e7\u00e3o? Conhe\u00e7a os benef\u00edcios de fazer um curso e ter um certificado no seu curr\u00edculo:","breadcrumb":{"@id":"https:\/\/www.impacta.com.br\/blog\/quais-as-vantagens-de-ser-um-profissional-com-certificacao\/#breadcrumb"},"inLanguage":"pt-BR","potentialAction":[{"@type":"ReadAction","target":["https:\/\/www.impacta.com.br\/blog\/quais-as-vantagens-de-ser-um-profissional-com-certificacao\/"]}]},{"@type":"ImageObject","inLanguage":"pt-BR","@id":"https:\/\/www.impacta.com.br\/blog\/quais-as-vantagens-de-ser-um-profissional-com-certificacao\/#primaryimage","url":"https:\/\/www.impacta.com.br\/blog\/wp-content\/uploads\/2020\/04\/Header_profissional-com-certificaca.jpg","contentUrl":"https:\/\/www.impacta.com.br\/blog\/wp-content\/uploads\/2020\/04\/Header_profissional-com-certificaca.jpg","width":850,"height":284},{"@type":"BreadcrumbList","@id":"https:\/\/www.impacta.com.br\/blog\/quais-as-vantagens-de-ser-um-profissional-com-certificacao\/#breadcrumb","itemListElement":[{"@type":"ListItem","position":1,"name":"In\u00edcio","item":"https:\/\/www.impacta.com.br\/blog\/"},{"@type":"ListItem","position":2,"name":"Quais as vantagens de ser um profissional com certifica\u00e7\u00e3o?"}]},{"@type":"WebSite","@id":"https:\/\/www.impacta.com.br\/blog\/#website","url":"https:\/\/www.impacta.com.br\/blog\/","name":"Blog Impacta - Dicas e Not\u00edcias sobre Carreira","description":"Dicas, Not\u00edcias e Conte\u00fados sobre Carreira, Tecnologia, Design, Gest\u00e3o e Marketing. Conhe\u00e7a e Acompanhe o Blog Impacta","potentialAction":[{"@type":"SearchAction","target":{"@type":"EntryPoint","urlTemplate":"https:\/\/www.impacta.com.br\/blog\/?s={search_term_string}"},"query-input":{"@type":"PropertyValueSpecification","valueRequired":true,"valueName":"search_term_string"}}],"inLanguage":"pt-BR"},{"@type":"Person","@id":"https:\/\/www.impacta.com.br\/blog\/#\/schema\/person\/2e0896bac7656da15b68f5ad2ddd0d8c","name":"Reda\u00e7\u00e3o Impacta","image":{"@type":"ImageObject","inLanguage":"pt-BR","@id":"https:\/\/www.impacta.com.br\/blog\/#\/schema\/person\/image\/","url":"https:\/\/secure.gravatar.com\/avatar\/7443a59e479c8f31067628e3a4bed9ad?s=96&d=mm&r=g","contentUrl":"https:\/\/secure.gravatar.com\/avatar\/7443a59e479c8f31067628e3a4bed9ad?s=96&d=mm&r=g","caption":"Reda\u00e7\u00e3o Impacta"},"url":"https:\/\/www.impacta.com.br\/blog\/author\/redacao\/"}]}},"acf":{"post_description":null,"capa_mobile":null},"_links":{"self":[{"href":"https:\/\/www.impacta.com.br\/blog\/wp-json\/wp\/v2\/posts\/10292","targetHints":{"allow":["GET"]}}],"collection":[{"href":"https:\/\/www.impacta.com.br\/blog\/wp-json\/wp\/v2\/posts"}],"about":[{"href":"https:\/\/www.impacta.com.br\/blog\/wp-json\/wp\/v2\/types\/post"}],"author":[{"embeddable":true,"href":"https:\/\/www.impacta.com.br\/blog\/wp-json\/wp\/v2\/users\/2"}],"replies":[{"embeddable":true,"href":"https:\/\/www.impacta.com.br\/blog\/wp-json\/wp\/v2\/comments?post=10292"}],"version-history":[{"count":0,"href":"https:\/\/www.impacta.com.br\/blog\/wp-json\/wp\/v2\/posts\/10292\/revisions"}],"wp:featuredmedia":[{"embeddable":true,"href":"https:\/\/www.impacta.com.br\/blog\/wp-json\/wp\/v2\/media\/17292"}],"wp:attachment":[{"href":"https:\/\/www.impacta.com.br\/blog\/wp-json\/wp\/v2\/media?parent=10292"}],"wp:term":[{"taxonomy":"category","embeddable":true,"href":"https:\/\/www.impacta.com.br\/blog\/wp-json\/wp\/v2\/categories?post=10292"},{"taxonomy":"post_tag","embeddable":true,"href":"https:\/\/www.impacta.com.br\/blog\/wp-json\/wp\/v2\/tags?post=10292"}],"curies":[{"name":"wp","href":"https:\/\/api.w.org\/{rel}","templated":true}]}}