{"id":10227,"date":"2016-10-21T09:00:01","date_gmt":"2016-10-21T12:00:01","guid":{"rendered":"http:\/\/www.impacta.com.br\/blog\/?p=10227"},"modified":"2016-10-21T09:00:01","modified_gmt":"2016-10-21T12:00:01","slug":"como-ser-promovido-baixe-o-guia-basico-da-especializacao-profissional","status":"publish","type":"post","link":"https:\/\/www.impacta.com.br\/blog\/como-ser-promovido-baixe-o-guia-basico-da-especializacao-profissional\/","title":{"rendered":"Como ser promovido? Baixe o Guia b\u00e1sico da especializa\u00e7\u00e3o profissional!"},"content":{"rendered":"<p style=\"text-align: justify;\">Quando ingressamos no mercado de trabalho \u00e9 comum criarmos\u00a0uma s\u00e9rie de expectativas, como crescer na carreira, ganhar aumentos salariais, realizar-se profissionalmente, ser reconhecido dentro da empresa&#8230; Por\u00e9m, nem sempre a realidade acaba saindo como pensado e isso pode ser por v\u00e1rios motivos como falta de capacita\u00e7\u00e3o, falta de oportunidade ou mesmo car\u00eancia de algumas habilidades espec\u00edficas.<\/p>\n<p style=\"text-align: center;\"><strong>Mas ent\u00e3o, como ser promovido? Como conseguir demonstrar o\u00a0valor \u00a0do seu trabalho e conquistar\u00a0o reconhecimento?<\/strong><\/p>\n<p style=\"text-align: justify;\">Primeiro,\u00a0n\u00e3o espere que a organiza\u00e7\u00e3o assuma as r\u00e9deas desse processo. Voc\u00ea tem que possuir uma postura pr\u00f3-ativa em rela\u00e7\u00e3o \u00e0 sua forma\u00e7\u00e3o e carreira profissional. \u00c9\u00a0importante que voc\u00ea procure especializa\u00e7\u00e3o e planeje o crescimento da sua carreira.<\/p>\n<p style=\"text-align: justify;\">Para auxili\u00e1-lo nessa tarefa, a IMPACTA preparou o\u00a0<a title=\"Baixe o seu e-book gratuito aqui\" href=\"https:\/\/goo.gl\/ByRA8G\" target=\"_blank\" rel=\"noopener noreferrer\">e-Book &#8211; Guia b\u00e1sico da especializa\u00e7\u00e3o profissional<\/a>, que apresenta v\u00e1rias dicas de como voc\u00ea pode se preparar para se desenvolver profissionalmente e ser promovido.<\/p>\n<h2 style=\"text-align: center;\"><a title=\"Baixe o Guia b\u00e1sico da especializa\u00e7\u00e3o profissional e veja como ser promovido\" href=\"https:\/\/goo.gl\/ByRA8G\" target=\"_blank\" rel=\"noopener noreferrer\"><strong><span style=\"font-size: 12pt;\">Baixe agora o e-Book gratuito &#8211;\u00a0Como ser promovido? Guia b\u00e1sico da especializa\u00e7\u00e3o profissional<\/span><\/strong><\/a><\/h2>\n<p style=\"text-align: center;\"><a href=\"https:\/\/goo.gl\/ByRA8G\" target=\"_blank\" rel=\"noopener noreferrer\"><img loading=\"lazy\" decoding=\"async\" class=\"aligncenter wp-image-10228 size-full\" title=\"Baixe o e-Book Como ser promovido? Guia b\u00e1sico da especializa\u00e7\u00e3o profissional\" src=\"https:\/\/www.impacta.com.br\/blog\/wp-content\/uploads\/2016\/10\/Como-ser-promovido-guia-da-especializacao.png\" alt=\"Baixe o e-Book Como ser promovido? Guia b\u00e1sico da especializa\u00e7\u00e3o profissional\" width=\"850\" height=\"294\" \/><\/a><\/p>\n<p style=\"text-align: center;\"><strong>O que voc\u00ea ver\u00e1 no e-Book:<\/strong><\/p>\n<ul>\n<li><strong>Aprenda a montar um planejamento de carreira:\u00a0<\/strong>Entenda a import\u00e2ncia de planejar e definir objetivos e a\u00e7\u00f5es para o seu crescimento profissional.<\/li>\n<li><strong>Como ser promovido?\u00a0<\/strong>Veja\u00a0dicas e passos para estar bem preparado na hora de buscar o reconhecimento pelo seu trabalho.<\/li>\n<li><strong>Caracter\u00edsticas do sucesso:\u00a0<\/strong>Conhe\u00e7a\u00a0as quatro caracter\u00edsticas mais buscadas na hora do recrutamento e sele\u00e7\u00e3o de profissionais de sucesso!<\/li>\n<\/ul>\n<p style=\"text-align: center;\"><strong><span style=\"font-size: 12pt;\">N\u00e3o perca mais tempo e <a title=\"Baixe o seu e-book gratuito aqui\" href=\"https:\/\/goo.gl\/ByRA8G\" target=\"_blank\" rel=\"noopener noreferrer\">baixe agora mesmo o seu e-Book<\/a>!<\/span><\/strong><\/p>\n<h2><span style=\"font-size: 12pt;\"><strong>SAIBA MAIS: <a title=\"Cinco dicas para se destacar no mercado de trabalho\" href=\"https:\/\/www.impacta.com.br\/blog\/2016\/08\/10\/cinco-dicas-para-se-destacar-no-mercado-de-trabalho\/\" target=\"_blank\" rel=\"noopener noreferrer\">Veja ainda 5 dicas para se destacar no mercado de trabalho!<\/a><\/strong><\/span><\/h2>\n<p>Deixe seu coment\u00e1rio!<\/p>\n<div class=\"sharing-default-minimal post-bottom\"><div class=\"nectar-social default\" data-position=\"\" data-rm-love=\"0\" data-color-override=\"override\"><div class=\"nectar-social-inner\"><a href=\"#\" class=\"nectar-love\" id=\"nectar-love-10227\" title=\"Love this\"> <i class=\"icon-salient-heart-2\"><\/i><span class=\"love-text\">Love<\/span><span class=\"total_loves\"><span class=\"nectar-love-count\">0<\/span><\/span><\/a><a class='facebook-share nectar-sharing' href='#' title='Share this'> <i class='fa fa-facebook'><\/i> <span class='social-text'>Share<\/span> <\/a><a class='twitter-share nectar-sharing' href='#' title='Share this'> <i class='fa icon-salient-x-twitter'><\/i> <span class='social-text'>Share<\/span> <\/a><a class='linkedin-share nectar-sharing' href='#' title='Share this'> <i class='fa fa-linkedin'><\/i> <span class='social-text'>Share<\/span> <\/a><a class='pinterest-share nectar-sharing' href='#' title='Pin this'> <i class='fa fa-pinterest'><\/i> <span class='social-text'>Pin<\/span> <\/a><\/div><\/div><\/div>","protected":false},"excerpt":{"rendered":"<p>Quando ingressamos no mercado de trabalho \u00e9 comum criarmos\u00a0uma s\u00e9rie de expectativas, como crescer na carreira, ganhar aumentos salariais, realizar-se profissionalmente, ser reconhecido dentro da empresa&#8230; Por\u00e9m, nem sempre a realidade acaba saindo como pensado e isso pode ser por v\u00e1rios motivos como falta de capacita\u00e7\u00e3o, falta de oportunidade ou mesmo car\u00eancia de algumas habilidades [&hellip;]<\/p>\n","protected":false},"author":2,"featured_media":17418,"comment_status":"open","ping_status":"open","sticky":false,"template":"","format":"standard","meta":{"footnotes":""},"categories":[13],"tags":[464,465],"class_list":["post-10227","post","type-post","status-publish","format-standard","has-post-thumbnail","hentry","category-carreira","tag-como-ser-promovido","tag-planejamento-de-carreira"],"yoast_head":"<!-- This site is optimized with the Yoast SEO plugin v25.1 - https:\/\/yoast.com\/wordpress\/plugins\/seo\/ -->\r\n<title>Como ser promovido? Guia da especializa\u00e7\u00e3o profissional!<\/title>\r\n<meta name=\"description\" content=\"Todo mundo quer crescer profissionalmente, n\u00e3o \u00e9 mesmo? Quer saber como ser promovido? Baixe o e-Book Guia da especializa\u00e7\u00e3o profissional e veja dicas!\" \/>\r\n<meta name=\"robots\" content=\"index, follow, max-snippet:-1, max-image-preview:large, max-video-preview:-1\" \/>\r\n<link rel=\"canonical\" href=\"https:\/\/www.impacta.com.br\/blog\/como-ser-promovido-baixe-o-guia-basico-da-especializacao-profissional\/\" \/>\r\n<meta property=\"og:locale\" content=\"pt_BR\" \/>\r\n<meta property=\"og:type\" content=\"article\" \/>\r\n<meta property=\"og:title\" content=\"Como ser promovido? Guia da especializa\u00e7\u00e3o profissional!\" \/>\r\n<meta property=\"og:description\" content=\"Todo mundo quer crescer profissionalmente, n\u00e3o \u00e9 mesmo? Quer saber como ser promovido? Baixe o e-Book Guia da especializa\u00e7\u00e3o profissional e veja dicas!\" \/>\r\n<meta property=\"og:url\" content=\"https:\/\/www.impacta.com.br\/blog\/como-ser-promovido-baixe-o-guia-basico-da-especializacao-profissional\/\" \/>\r\n<meta property=\"og:site_name\" content=\"Blog Impacta - Dicas e Not\u00edcias sobre Carreira\" \/>\r\n<meta property=\"article:published_time\" content=\"2016-10-21T12:00:01+00:00\" \/>\r\n<meta property=\"og:image\" content=\"https:\/\/www.impacta.com.br\/blog\/wp-content\/uploads\/2020\/04\/header_comoserpromovido1.jpg\" \/>\r\n\t<meta property=\"og:image:width\" content=\"850\" \/>\r\n\t<meta property=\"og:image:height\" content=\"284\" \/>\r\n\t<meta property=\"og:image:type\" content=\"image\/jpeg\" \/>\r\n<meta name=\"author\" content=\"Reda\u00e7\u00e3o Impacta\" \/>\r\n<meta name=\"twitter:card\" content=\"summary_large_image\" \/>\r\n<meta name=\"twitter:label1\" content=\"Written by\" \/>\n\t<meta name=\"twitter:data1\" content=\"Reda\u00e7\u00e3o Impacta\" \/>\n\t<meta name=\"twitter:label2\" content=\"Est. reading time\" \/>\n\t<meta name=\"twitter:data2\" content=\"1 minuto\" \/>\r\n<script type=\"application\/ld+json\" class=\"yoast-schema-graph\">{\"@context\":\"https:\/\/schema.org\",\"@graph\":[{\"@type\":\"WebPage\",\"@id\":\"https:\/\/www.impacta.com.br\/blog\/como-ser-promovido-baixe-o-guia-basico-da-especializacao-profissional\/\",\"url\":\"https:\/\/www.impacta.com.br\/blog\/como-ser-promovido-baixe-o-guia-basico-da-especializacao-profissional\/\",\"name\":\"Como ser promovido? Guia da especializa\u00e7\u00e3o profissional!\",\"isPartOf\":{\"@id\":\"https:\/\/www.impacta.com.br\/blog\/#website\"},\"primaryImageOfPage\":{\"@id\":\"https:\/\/www.impacta.com.br\/blog\/como-ser-promovido-baixe-o-guia-basico-da-especializacao-profissional\/#primaryimage\"},\"image\":{\"@id\":\"https:\/\/www.impacta.com.br\/blog\/como-ser-promovido-baixe-o-guia-basico-da-especializacao-profissional\/#primaryimage\"},\"thumbnailUrl\":\"https:\/\/www.impacta.com.br\/blog\/wp-content\/uploads\/2020\/04\/header_comoserpromovido1.jpg\",\"datePublished\":\"2016-10-21T12:00:01+00:00\",\"author\":{\"@id\":\"https:\/\/www.impacta.com.br\/blog\/#\/schema\/person\/2e0896bac7656da15b68f5ad2ddd0d8c\"},\"description\":\"Todo mundo quer crescer profissionalmente, n\u00e3o \u00e9 mesmo? Quer saber como ser promovido? Baixe o e-Book Guia da especializa\u00e7\u00e3o profissional e veja dicas!\",\"breadcrumb\":{\"@id\":\"https:\/\/www.impacta.com.br\/blog\/como-ser-promovido-baixe-o-guia-basico-da-especializacao-profissional\/#breadcrumb\"},\"inLanguage\":\"pt-BR\",\"potentialAction\":[{\"@type\":\"ReadAction\",\"target\":[\"https:\/\/www.impacta.com.br\/blog\/como-ser-promovido-baixe-o-guia-basico-da-especializacao-profissional\/\"]}]},{\"@type\":\"ImageObject\",\"inLanguage\":\"pt-BR\",\"@id\":\"https:\/\/www.impacta.com.br\/blog\/como-ser-promovido-baixe-o-guia-basico-da-especializacao-profissional\/#primaryimage\",\"url\":\"https:\/\/www.impacta.com.br\/blog\/wp-content\/uploads\/2020\/04\/header_comoserpromovido1.jpg\",\"contentUrl\":\"https:\/\/www.impacta.com.br\/blog\/wp-content\/uploads\/2020\/04\/header_comoserpromovido1.jpg\",\"width\":850,\"height\":284},{\"@type\":\"BreadcrumbList\",\"@id\":\"https:\/\/www.impacta.com.br\/blog\/como-ser-promovido-baixe-o-guia-basico-da-especializacao-profissional\/#breadcrumb\",\"itemListElement\":[{\"@type\":\"ListItem\",\"position\":1,\"name\":\"In\u00edcio\",\"item\":\"https:\/\/www.impacta.com.br\/blog\/\"},{\"@type\":\"ListItem\",\"position\":2,\"name\":\"Como ser promovido? Baixe o Guia b\u00e1sico da especializa\u00e7\u00e3o profissional!\"}]},{\"@type\":\"WebSite\",\"@id\":\"https:\/\/www.impacta.com.br\/blog\/#website\",\"url\":\"https:\/\/www.impacta.com.br\/blog\/\",\"name\":\"Blog Impacta - Dicas e Not\u00edcias sobre Carreira\",\"description\":\"Dicas, Not\u00edcias e Conte\u00fados sobre Carreira, Tecnologia, Design, Gest\u00e3o e Marketing. Conhe\u00e7a e Acompanhe o Blog Impacta\",\"potentialAction\":[{\"@type\":\"SearchAction\",\"target\":{\"@type\":\"EntryPoint\",\"urlTemplate\":\"https:\/\/www.impacta.com.br\/blog\/?s={search_term_string}\"},\"query-input\":{\"@type\":\"PropertyValueSpecification\",\"valueRequired\":true,\"valueName\":\"search_term_string\"}}],\"inLanguage\":\"pt-BR\"},{\"@type\":\"Person\",\"@id\":\"https:\/\/www.impacta.com.br\/blog\/#\/schema\/person\/2e0896bac7656da15b68f5ad2ddd0d8c\",\"name\":\"Reda\u00e7\u00e3o Impacta\",\"image\":{\"@type\":\"ImageObject\",\"inLanguage\":\"pt-BR\",\"@id\":\"https:\/\/www.impacta.com.br\/blog\/#\/schema\/person\/image\/\",\"url\":\"https:\/\/secure.gravatar.com\/avatar\/7443a59e479c8f31067628e3a4bed9ad?s=96&d=mm&r=g\",\"contentUrl\":\"https:\/\/secure.gravatar.com\/avatar\/7443a59e479c8f31067628e3a4bed9ad?s=96&d=mm&r=g\",\"caption\":\"Reda\u00e7\u00e3o Impacta\"},\"url\":\"https:\/\/www.impacta.com.br\/blog\/author\/redacao\/\"}]}<\/script>\r\n<!-- \/ Yoast SEO plugin. -->","yoast_head_json":{"title":"Como ser promovido? Guia da especializa\u00e7\u00e3o profissional!","description":"Todo mundo quer crescer profissionalmente, n\u00e3o \u00e9 mesmo? Quer saber como ser promovido? Baixe o e-Book Guia da especializa\u00e7\u00e3o profissional e veja dicas!","robots":{"index":"index","follow":"follow","max-snippet":"max-snippet:-1","max-image-preview":"max-image-preview:large","max-video-preview":"max-video-preview:-1"},"canonical":"https:\/\/www.impacta.com.br\/blog\/como-ser-promovido-baixe-o-guia-basico-da-especializacao-profissional\/","og_locale":"pt_BR","og_type":"article","og_title":"Como ser promovido? Guia da especializa\u00e7\u00e3o profissional!","og_description":"Todo mundo quer crescer profissionalmente, n\u00e3o \u00e9 mesmo? Quer saber como ser promovido? Baixe o e-Book Guia da especializa\u00e7\u00e3o profissional e veja dicas!","og_url":"https:\/\/www.impacta.com.br\/blog\/como-ser-promovido-baixe-o-guia-basico-da-especializacao-profissional\/","og_site_name":"Blog Impacta - Dicas e Not\u00edcias sobre Carreira","article_published_time":"2016-10-21T12:00:01+00:00","og_image":[{"width":850,"height":284,"url":"https:\/\/www.impacta.com.br\/blog\/wp-content\/uploads\/2020\/04\/header_comoserpromovido1.jpg","type":"image\/jpeg"}],"author":"Reda\u00e7\u00e3o Impacta","twitter_card":"summary_large_image","twitter_misc":{"Written by":"Reda\u00e7\u00e3o Impacta","Est. reading time":"1 minuto"},"schema":{"@context":"https:\/\/schema.org","@graph":[{"@type":"WebPage","@id":"https:\/\/www.impacta.com.br\/blog\/como-ser-promovido-baixe-o-guia-basico-da-especializacao-profissional\/","url":"https:\/\/www.impacta.com.br\/blog\/como-ser-promovido-baixe-o-guia-basico-da-especializacao-profissional\/","name":"Como ser promovido? Guia da especializa\u00e7\u00e3o profissional!","isPartOf":{"@id":"https:\/\/www.impacta.com.br\/blog\/#website"},"primaryImageOfPage":{"@id":"https:\/\/www.impacta.com.br\/blog\/como-ser-promovido-baixe-o-guia-basico-da-especializacao-profissional\/#primaryimage"},"image":{"@id":"https:\/\/www.impacta.com.br\/blog\/como-ser-promovido-baixe-o-guia-basico-da-especializacao-profissional\/#primaryimage"},"thumbnailUrl":"https:\/\/www.impacta.com.br\/blog\/wp-content\/uploads\/2020\/04\/header_comoserpromovido1.jpg","datePublished":"2016-10-21T12:00:01+00:00","author":{"@id":"https:\/\/www.impacta.com.br\/blog\/#\/schema\/person\/2e0896bac7656da15b68f5ad2ddd0d8c"},"description":"Todo mundo quer crescer profissionalmente, n\u00e3o \u00e9 mesmo? Quer saber como ser promovido? Baixe o e-Book Guia da especializa\u00e7\u00e3o profissional e veja dicas!","breadcrumb":{"@id":"https:\/\/www.impacta.com.br\/blog\/como-ser-promovido-baixe-o-guia-basico-da-especializacao-profissional\/#breadcrumb"},"inLanguage":"pt-BR","potentialAction":[{"@type":"ReadAction","target":["https:\/\/www.impacta.com.br\/blog\/como-ser-promovido-baixe-o-guia-basico-da-especializacao-profissional\/"]}]},{"@type":"ImageObject","inLanguage":"pt-BR","@id":"https:\/\/www.impacta.com.br\/blog\/como-ser-promovido-baixe-o-guia-basico-da-especializacao-profissional\/#primaryimage","url":"https:\/\/www.impacta.com.br\/blog\/wp-content\/uploads\/2020\/04\/header_comoserpromovido1.jpg","contentUrl":"https:\/\/www.impacta.com.br\/blog\/wp-content\/uploads\/2020\/04\/header_comoserpromovido1.jpg","width":850,"height":284},{"@type":"BreadcrumbList","@id":"https:\/\/www.impacta.com.br\/blog\/como-ser-promovido-baixe-o-guia-basico-da-especializacao-profissional\/#breadcrumb","itemListElement":[{"@type":"ListItem","position":1,"name":"In\u00edcio","item":"https:\/\/www.impacta.com.br\/blog\/"},{"@type":"ListItem","position":2,"name":"Como ser promovido? Baixe o Guia b\u00e1sico da especializa\u00e7\u00e3o profissional!"}]},{"@type":"WebSite","@id":"https:\/\/www.impacta.com.br\/blog\/#website","url":"https:\/\/www.impacta.com.br\/blog\/","name":"Blog Impacta - Dicas e Not\u00edcias sobre Carreira","description":"Dicas, Not\u00edcias e Conte\u00fados sobre Carreira, Tecnologia, Design, Gest\u00e3o e Marketing. Conhe\u00e7a e Acompanhe o Blog Impacta","potentialAction":[{"@type":"SearchAction","target":{"@type":"EntryPoint","urlTemplate":"https:\/\/www.impacta.com.br\/blog\/?s={search_term_string}"},"query-input":{"@type":"PropertyValueSpecification","valueRequired":true,"valueName":"search_term_string"}}],"inLanguage":"pt-BR"},{"@type":"Person","@id":"https:\/\/www.impacta.com.br\/blog\/#\/schema\/person\/2e0896bac7656da15b68f5ad2ddd0d8c","name":"Reda\u00e7\u00e3o Impacta","image":{"@type":"ImageObject","inLanguage":"pt-BR","@id":"https:\/\/www.impacta.com.br\/blog\/#\/schema\/person\/image\/","url":"https:\/\/secure.gravatar.com\/avatar\/7443a59e479c8f31067628e3a4bed9ad?s=96&d=mm&r=g","contentUrl":"https:\/\/secure.gravatar.com\/avatar\/7443a59e479c8f31067628e3a4bed9ad?s=96&d=mm&r=g","caption":"Reda\u00e7\u00e3o Impacta"},"url":"https:\/\/www.impacta.com.br\/blog\/author\/redacao\/"}]}},"acf":{"post_description":null,"capa_mobile":null},"_links":{"self":[{"href":"https:\/\/www.impacta.com.br\/blog\/wp-json\/wp\/v2\/posts\/10227","targetHints":{"allow":["GET"]}}],"collection":[{"href":"https:\/\/www.impacta.com.br\/blog\/wp-json\/wp\/v2\/posts"}],"about":[{"href":"https:\/\/www.impacta.com.br\/blog\/wp-json\/wp\/v2\/types\/post"}],"author":[{"embeddable":true,"href":"https:\/\/www.impacta.com.br\/blog\/wp-json\/wp\/v2\/users\/2"}],"replies":[{"embeddable":true,"href":"https:\/\/www.impacta.com.br\/blog\/wp-json\/wp\/v2\/comments?post=10227"}],"version-history":[{"count":0,"href":"https:\/\/www.impacta.com.br\/blog\/wp-json\/wp\/v2\/posts\/10227\/revisions"}],"wp:featuredmedia":[{"embeddable":true,"href":"https:\/\/www.impacta.com.br\/blog\/wp-json\/wp\/v2\/media\/17418"}],"wp:attachment":[{"href":"https:\/\/www.impacta.com.br\/blog\/wp-json\/wp\/v2\/media?parent=10227"}],"wp:term":[{"taxonomy":"category","embeddable":true,"href":"https:\/\/www.impacta.com.br\/blog\/wp-json\/wp\/v2\/categories?post=10227"},{"taxonomy":"post_tag","embeddable":true,"href":"https:\/\/www.impacta.com.br\/blog\/wp-json\/wp\/v2\/tags?post=10227"}],"curies":[{"name":"wp","href":"https:\/\/api.w.org\/{rel}","templated":true}]}}