{"id":1013,"date":"2017-04-28T11:10:01","date_gmt":"2017-04-28T14:10:01","guid":{"rendered":"http:\/\/www.impacta.edu.br\/blog\/?p=1013"},"modified":"2017-04-28T11:10:01","modified_gmt":"2017-04-28T14:10:01","slug":"faculdade-impacta-realiza-feira-de-oportunidades-e-carreiras-2017","status":"publish","type":"post","link":"https:\/\/www.impacta.com.br\/blog\/faculdade-impacta-realiza-feira-de-oportunidades-e-carreiras-2017\/","title":{"rendered":"Faculdade Impacta realiza Feira de Oportunidades e Carreiras 2017"},"content":{"rendered":"<p>Nos dias 5 e 6 de abril, a Faculdade Impacta realizou a Feira de Oportunidades e Carreiras 2017, que teve como objetivo levar aos alunos as novidades do mercado de trabalho, incentivar o networking com profissionais e debater temas atuais sobre as \u00e1reas de <a href=\"https:\/\/www.impacta.edu.br\/graduacao\/graduacao-em-gestao-da-tecnologia-da-informacao\/\">TI<\/a>, gest\u00e3o e marketing.<br \/>\n<!--more--><br \/>\nA Feira contou com a participa\u00e7\u00e3o das maiores empresas do Brasil, que montaram seus stands para receber os curr\u00edculos dos alunos, e empres\u00e1rios de diferentes organiza\u00e7\u00f5es que falaram sobre os avan\u00e7os na \u00e1rea da <a href=\"https:\/\/www.impacta.edu.br\/blog\/como-a-tecnologia-transforma-vidas\/\">tecnologia<\/a>, <a href=\"https:\/\/www.impacta.edu.br\/blog\/mulheres-no-mundo-digital\/\">mundo digital<\/a>, <a href=\"https:\/\/www.impacta.edu.br\/blog\/como-administrar-uma-startup\/\">empreendedorismo<\/a>, educa\u00e7\u00e3o e expectativas do mundo corporativo.<br \/>\n&nbsp;<br \/>\n<strong>Primeiro dia<\/strong><br \/>\nPara o pontap\u00e9 inicial, a Feira de Carreiras levou grandes nomes \u00e0s salas da Impacta. Victor Park, presidente do <a href=\"https:\/\/hyundai-motor.com.br\/hmb-suv\/\">Grupo Hyundai<\/a>, falou sobre educa\u00e7\u00e3o e futuro para um audit\u00f3rio lotado. Lara Rocha Garcia, gerente de produtos na empresa &#8220;<a href=\"https:\/\/www.drconsulta.com\/\">Dr. Consulta<\/a>&#8220;, falou sobre a inova\u00e7\u00e3o tecnol\u00f3gica na \u00e1rea da sa\u00fade e levou aos alunos outras perspectivas da \u00e1rea de TI. J\u00e1 Rodrigo Fernandes, da <a href=\"https:\/\/www.vivo.com.br\/portalweb\/appmanager\/env\/web#\">Telefonica Vivo<\/a>, bateu um papo sobre a carreira de tecnologia e os desafios para chegar ao sucesso, enquanto Jo\u00e3o Pimentel, presidente da <a href=\"https:\/\/corpflex.com.br\/\">CorpFlex<\/a>, falou sobre transforma\u00e7\u00e3o digital e formas de empreender.<br \/>\nPara nosso orgulho, nossos alunos tamb\u00e9m foram palestrantes: Matheus Catossi, do curso de <a href=\"https:\/\/www.impacta.edu.br\/graduacao\/graduacao-em-analise-e-desenvolvimento-de-sistemas\/\">An\u00e1lise e Desenvolvimento de Sistemas<\/a>, e Alexandre de Marco, de <a href=\"https:\/\/www.impacta.edu.br\/graduacao\/graduacao-em-sistemas-de-informacao\/\">Sistemas de Informa\u00e7\u00e3o<\/a>, dividiram suas experi\u00eancias com as turmas e levaram temas interessantes nas \u00e1reas de <a href=\"https:\/\/www.impacta.edu.br\/blog\/faculdade-impacta-destaque-no-enade-2015\/\">Tecnologia<\/a> e <a href=\"https:\/\/www.impacta.edu.br\/blog\/7-motivos-para-fazer-mba-em-mkt-digital\/\">Marketing<\/a>.<br \/>\n&nbsp;<br \/>\n<strong>Segundo dia<\/strong><br \/>\nO segundo dia foi repleto de aprendizado e troca de conhecimentos. Andr\u00e9 Franco, gerente de TI da <a href=\"https:\/\/www.goodyear.com.br\/\">Goodyear<\/a>, falou sobre profissionais SAP e deu dicas de como construir uma carreira bem sucedida para os alunos. Cristiano Miano, do <a href=\"https:\/\/www.impacta.edu.br\/graduacao\/graduacao-em-sistemas-de-informacao\/\">Grupo Digi<\/a>, falou sobre a rela\u00e7\u00e3o entre pessoas e marcas, e Eduardo Greco, da <a href=\"https:\/\/www.febracis.com.br\/\">Febracis<\/a>, fez um paralelo entre vida pessoal e carreira profissional.<br \/>\nOutros temas que se destacaram na Feira foram a palestra sobre empreendedorismo alternativo, ministrada por Fernando Bastos, da <a href=\"https:\/\/jeunesseglobalbrasil.com.br\/\">Jeunesse Global<\/a>, mobile growth e deep linking, por John Calistro, <a href=\"https:\/\/branch.io\/team\/\">da Branch<\/a>, e chatbots e intelig\u00eancia artificial, apresentada por Rodrigo Terron, fundador da <a href=\"https:\/\/www.horizonfour.com.br\/\">Horizon Four<\/a>.<br \/>\nO nosso aluno J\u00falio Cesar dos Santos, que recentemente ganhou o <a href=\"https:\/\/www.impacta.edu.br\/blog\/aluno-impacta-vence-hackathon-ibm\/\">Bluehack, Hackathon da IBM<\/a>, tamb\u00e9m conversou com os alunos sobre como iniciar uma carreira em TI.<br \/>\nDurante a Feira, os estudantes trocaram contatos com os profissionais, tiraram d\u00favidas e pediram conselhos sobre a carreira e o mercado de trabalho e entregaram c\u00f3pias do curr\u00edculo para concorrerem a vagas de est\u00e1gio nas empresas que montaram stand no Evento, entre elas: HP, Stefanini, Cappta, Aiesec, CIEE, Indra Company e CorpFlex.<br \/>\n&nbsp;<br \/>\n&nbsp;<\/p>\n<div class=\"sharing-default-minimal post-bottom\"><div class=\"nectar-social default\" data-position=\"\" data-rm-love=\"0\" data-color-override=\"override\"><div class=\"nectar-social-inner\"><a href=\"#\" class=\"nectar-love\" id=\"nectar-love-1013\" title=\"Love this\"> <i class=\"icon-salient-heart-2\"><\/i><span class=\"love-text\">Love<\/span><span class=\"total_loves\"><span class=\"nectar-love-count\">0<\/span><\/span><\/a><a class='facebook-share nectar-sharing' href='#' title='Share this'> <i class='fa fa-facebook'><\/i> <span class='social-text'>Share<\/span> <\/a><a class='twitter-share nectar-sharing' href='#' title='Share this'> <i class='fa icon-salient-x-twitter'><\/i> <span class='social-text'>Share<\/span> <\/a><a class='linkedin-share nectar-sharing' href='#' title='Share this'> <i class='fa fa-linkedin'><\/i> <span class='social-text'>Share<\/span> <\/a><a class='pinterest-share nectar-sharing' href='#' title='Pin this'> <i class='fa fa-pinterest'><\/i> <span class='social-text'>Pin<\/span> <\/a><\/div><\/div><\/div>","protected":false},"excerpt":{"rendered":"<p>Nos dias 5 e 6 de abril, a Faculdade Impacta realizou a Feira de Oportunidades e Carreiras 2017, que teve como objetivo levar aos alunos as novidades do mercado de trabalho, incentivar o networking com profissionais e debater temas atuais sobre as \u00e1reas de TI, gest\u00e3o e marketing. Love0 Share Share Share Pin<\/p>\n","protected":false},"author":57,"featured_media":18042,"comment_status":"open","ping_status":"open","sticky":false,"template":"","format":"standard","meta":{"footnotes":""},"categories":[1092],"tags":[44,700,281],"class_list":["post-1013","post","type-post","status-publish","format-standard","has-post-thumbnail","hentry","category-impacta","tag-carreira-2","tag-eventos","tag-faculdade-impacta"],"yoast_head":"<!-- This site is optimized with the Yoast SEO plugin v25.1 - https:\/\/yoast.com\/wordpress\/plugins\/seo\/ -->\r\n<title>Faculdade Impacta realiza Feira de Oportunidades e Carreiras 2017<\/title>\r\n<meta name=\"description\" content=\"Nos dias 5 e 6 de abril, a Faculdade Impacta realizou a Feira de Oportunidades e Carreiras 2017 para networking e debates sobre TI, gest\u00e3o e marketing.\" \/>\r\n<meta name=\"robots\" content=\"index, follow, max-snippet:-1, max-image-preview:large, max-video-preview:-1\" \/>\r\n<link rel=\"canonical\" href=\"https:\/\/www.impacta.com.br\/blog\/faculdade-impacta-realiza-feira-de-oportunidades-e-carreiras-2017\/\" \/>\r\n<meta property=\"og:locale\" content=\"pt_BR\" \/>\r\n<meta property=\"og:type\" content=\"article\" \/>\r\n<meta property=\"og:title\" content=\"Faculdade Impacta realiza Feira de Oportunidades e Carreiras 2017\" \/>\r\n<meta property=\"og:description\" content=\"Nos dias 5 e 6 de abril, a Faculdade Impacta realizou a Feira de Oportunidades e Carreiras 2017 para networking e debates sobre TI, gest\u00e3o e marketing.\" \/>\r\n<meta property=\"og:url\" content=\"https:\/\/www.impacta.com.br\/blog\/faculdade-impacta-realiza-feira-de-oportunidades-e-carreiras-2017\/\" \/>\r\n<meta property=\"og:site_name\" content=\"Blog Impacta - Dicas e Not\u00edcias sobre Carreira\" \/>\r\n<meta property=\"article:published_time\" content=\"2017-04-28T14:10:01+00:00\" \/>\r\n<meta property=\"og:image\" content=\"https:\/\/www.impacta.com.br\/blog\/wp-content\/uploads\/2020\/04\/feira.png\" \/>\r\n\t<meta property=\"og:image:width\" content=\"750\" \/>\r\n\t<meta property=\"og:image:height\" content=\"362\" \/>\r\n\t<meta property=\"og:image:type\" content=\"image\/png\" \/>\r\n<meta name=\"author\" content=\"J\u00e9ssica Lima\" \/>\r\n<meta name=\"twitter:card\" content=\"summary_large_image\" \/>\r\n<meta name=\"twitter:label1\" content=\"Written by\" \/>\n\t<meta name=\"twitter:data1\" content=\"J\u00e9ssica Lima\" \/>\n\t<meta name=\"twitter:label2\" content=\"Est. reading time\" \/>\n\t<meta name=\"twitter:data2\" content=\"2 minutos\" \/>\r\n<script type=\"application\/ld+json\" class=\"yoast-schema-graph\">{\"@context\":\"https:\/\/schema.org\",\"@graph\":[{\"@type\":\"WebPage\",\"@id\":\"https:\/\/www.impacta.com.br\/blog\/faculdade-impacta-realiza-feira-de-oportunidades-e-carreiras-2017\/\",\"url\":\"https:\/\/www.impacta.com.br\/blog\/faculdade-impacta-realiza-feira-de-oportunidades-e-carreiras-2017\/\",\"name\":\"Faculdade Impacta realiza Feira de Oportunidades e Carreiras 2017\",\"isPartOf\":{\"@id\":\"https:\/\/www.impacta.com.br\/blog\/#website\"},\"primaryImageOfPage\":{\"@id\":\"https:\/\/www.impacta.com.br\/blog\/faculdade-impacta-realiza-feira-de-oportunidades-e-carreiras-2017\/#primaryimage\"},\"image\":{\"@id\":\"https:\/\/www.impacta.com.br\/blog\/faculdade-impacta-realiza-feira-de-oportunidades-e-carreiras-2017\/#primaryimage\"},\"thumbnailUrl\":\"https:\/\/www.impacta.com.br\/blog\/wp-content\/uploads\/2020\/04\/feira.png\",\"datePublished\":\"2017-04-28T14:10:01+00:00\",\"author\":{\"@id\":\"https:\/\/www.impacta.com.br\/blog\/#\/schema\/person\/8f4b311598e2f343bad8eb692b11d39d\"},\"description\":\"Nos dias 5 e 6 de abril, a Faculdade Impacta realizou a Feira de Oportunidades e Carreiras 2017 para networking e debates sobre TI, gest\u00e3o e marketing.\",\"breadcrumb\":{\"@id\":\"https:\/\/www.impacta.com.br\/blog\/faculdade-impacta-realiza-feira-de-oportunidades-e-carreiras-2017\/#breadcrumb\"},\"inLanguage\":\"pt-BR\",\"potentialAction\":[{\"@type\":\"ReadAction\",\"target\":[\"https:\/\/www.impacta.com.br\/blog\/faculdade-impacta-realiza-feira-de-oportunidades-e-carreiras-2017\/\"]}]},{\"@type\":\"ImageObject\",\"inLanguage\":\"pt-BR\",\"@id\":\"https:\/\/www.impacta.com.br\/blog\/faculdade-impacta-realiza-feira-de-oportunidades-e-carreiras-2017\/#primaryimage\",\"url\":\"https:\/\/www.impacta.com.br\/blog\/wp-content\/uploads\/2020\/04\/feira.png\",\"contentUrl\":\"https:\/\/www.impacta.com.br\/blog\/wp-content\/uploads\/2020\/04\/feira.png\",\"width\":750,\"height\":362},{\"@type\":\"BreadcrumbList\",\"@id\":\"https:\/\/www.impacta.com.br\/blog\/faculdade-impacta-realiza-feira-de-oportunidades-e-carreiras-2017\/#breadcrumb\",\"itemListElement\":[{\"@type\":\"ListItem\",\"position\":1,\"name\":\"In\u00edcio\",\"item\":\"https:\/\/www.impacta.com.br\/blog\/\"},{\"@type\":\"ListItem\",\"position\":2,\"name\":\"Faculdade Impacta realiza Feira de Oportunidades e Carreiras 2017\"}]},{\"@type\":\"WebSite\",\"@id\":\"https:\/\/www.impacta.com.br\/blog\/#website\",\"url\":\"https:\/\/www.impacta.com.br\/blog\/\",\"name\":\"Blog Impacta - Dicas e Not\u00edcias sobre Carreira\",\"description\":\"Dicas, Not\u00edcias e Conte\u00fados sobre Carreira, Tecnologia, Design, Gest\u00e3o e Marketing. Conhe\u00e7a e Acompanhe o Blog Impacta\",\"potentialAction\":[{\"@type\":\"SearchAction\",\"target\":{\"@type\":\"EntryPoint\",\"urlTemplate\":\"https:\/\/www.impacta.com.br\/blog\/?s={search_term_string}\"},\"query-input\":{\"@type\":\"PropertyValueSpecification\",\"valueRequired\":true,\"valueName\":\"search_term_string\"}}],\"inLanguage\":\"pt-BR\"},{\"@type\":\"Person\",\"@id\":\"https:\/\/www.impacta.com.br\/blog\/#\/schema\/person\/8f4b311598e2f343bad8eb692b11d39d\",\"name\":\"J\u00e9ssica Lima\",\"image\":{\"@type\":\"ImageObject\",\"inLanguage\":\"pt-BR\",\"@id\":\"https:\/\/www.impacta.com.br\/blog\/#\/schema\/person\/image\/\",\"url\":\"https:\/\/secure.gravatar.com\/avatar\/bae38fda68ae34b80e3d01e4b8be10c8?s=96&d=mm&r=g\",\"contentUrl\":\"https:\/\/secure.gravatar.com\/avatar\/bae38fda68ae34b80e3d01e4b8be10c8?s=96&d=mm&r=g\",\"caption\":\"J\u00e9ssica Lima\"},\"url\":\"https:\/\/www.impacta.com.br\/blog\/author\/jessica-lima\/\"}]}<\/script>\r\n<!-- \/ Yoast SEO plugin. -->","yoast_head_json":{"title":"Faculdade Impacta realiza Feira de Oportunidades e Carreiras 2017","description":"Nos dias 5 e 6 de abril, a Faculdade Impacta realizou a Feira de Oportunidades e Carreiras 2017 para networking e debates sobre TI, gest\u00e3o e marketing.","robots":{"index":"index","follow":"follow","max-snippet":"max-snippet:-1","max-image-preview":"max-image-preview:large","max-video-preview":"max-video-preview:-1"},"canonical":"https:\/\/www.impacta.com.br\/blog\/faculdade-impacta-realiza-feira-de-oportunidades-e-carreiras-2017\/","og_locale":"pt_BR","og_type":"article","og_title":"Faculdade Impacta realiza Feira de Oportunidades e Carreiras 2017","og_description":"Nos dias 5 e 6 de abril, a Faculdade Impacta realizou a Feira de Oportunidades e Carreiras 2017 para networking e debates sobre TI, gest\u00e3o e marketing.","og_url":"https:\/\/www.impacta.com.br\/blog\/faculdade-impacta-realiza-feira-de-oportunidades-e-carreiras-2017\/","og_site_name":"Blog Impacta - Dicas e Not\u00edcias sobre Carreira","article_published_time":"2017-04-28T14:10:01+00:00","og_image":[{"width":750,"height":362,"url":"https:\/\/www.impacta.com.br\/blog\/wp-content\/uploads\/2020\/04\/feira.png","type":"image\/png"}],"author":"J\u00e9ssica Lima","twitter_card":"summary_large_image","twitter_misc":{"Written by":"J\u00e9ssica Lima","Est. reading time":"2 minutos"},"schema":{"@context":"https:\/\/schema.org","@graph":[{"@type":"WebPage","@id":"https:\/\/www.impacta.com.br\/blog\/faculdade-impacta-realiza-feira-de-oportunidades-e-carreiras-2017\/","url":"https:\/\/www.impacta.com.br\/blog\/faculdade-impacta-realiza-feira-de-oportunidades-e-carreiras-2017\/","name":"Faculdade Impacta realiza Feira de Oportunidades e Carreiras 2017","isPartOf":{"@id":"https:\/\/www.impacta.com.br\/blog\/#website"},"primaryImageOfPage":{"@id":"https:\/\/www.impacta.com.br\/blog\/faculdade-impacta-realiza-feira-de-oportunidades-e-carreiras-2017\/#primaryimage"},"image":{"@id":"https:\/\/www.impacta.com.br\/blog\/faculdade-impacta-realiza-feira-de-oportunidades-e-carreiras-2017\/#primaryimage"},"thumbnailUrl":"https:\/\/www.impacta.com.br\/blog\/wp-content\/uploads\/2020\/04\/feira.png","datePublished":"2017-04-28T14:10:01+00:00","author":{"@id":"https:\/\/www.impacta.com.br\/blog\/#\/schema\/person\/8f4b311598e2f343bad8eb692b11d39d"},"description":"Nos dias 5 e 6 de abril, a Faculdade Impacta realizou a Feira de Oportunidades e Carreiras 2017 para networking e debates sobre TI, gest\u00e3o e marketing.","breadcrumb":{"@id":"https:\/\/www.impacta.com.br\/blog\/faculdade-impacta-realiza-feira-de-oportunidades-e-carreiras-2017\/#breadcrumb"},"inLanguage":"pt-BR","potentialAction":[{"@type":"ReadAction","target":["https:\/\/www.impacta.com.br\/blog\/faculdade-impacta-realiza-feira-de-oportunidades-e-carreiras-2017\/"]}]},{"@type":"ImageObject","inLanguage":"pt-BR","@id":"https:\/\/www.impacta.com.br\/blog\/faculdade-impacta-realiza-feira-de-oportunidades-e-carreiras-2017\/#primaryimage","url":"https:\/\/www.impacta.com.br\/blog\/wp-content\/uploads\/2020\/04\/feira.png","contentUrl":"https:\/\/www.impacta.com.br\/blog\/wp-content\/uploads\/2020\/04\/feira.png","width":750,"height":362},{"@type":"BreadcrumbList","@id":"https:\/\/www.impacta.com.br\/blog\/faculdade-impacta-realiza-feira-de-oportunidades-e-carreiras-2017\/#breadcrumb","itemListElement":[{"@type":"ListItem","position":1,"name":"In\u00edcio","item":"https:\/\/www.impacta.com.br\/blog\/"},{"@type":"ListItem","position":2,"name":"Faculdade Impacta realiza Feira de Oportunidades e Carreiras 2017"}]},{"@type":"WebSite","@id":"https:\/\/www.impacta.com.br\/blog\/#website","url":"https:\/\/www.impacta.com.br\/blog\/","name":"Blog Impacta - Dicas e Not\u00edcias sobre Carreira","description":"Dicas, Not\u00edcias e Conte\u00fados sobre Carreira, Tecnologia, Design, Gest\u00e3o e Marketing. Conhe\u00e7a e Acompanhe o Blog Impacta","potentialAction":[{"@type":"SearchAction","target":{"@type":"EntryPoint","urlTemplate":"https:\/\/www.impacta.com.br\/blog\/?s={search_term_string}"},"query-input":{"@type":"PropertyValueSpecification","valueRequired":true,"valueName":"search_term_string"}}],"inLanguage":"pt-BR"},{"@type":"Person","@id":"https:\/\/www.impacta.com.br\/blog\/#\/schema\/person\/8f4b311598e2f343bad8eb692b11d39d","name":"J\u00e9ssica Lima","image":{"@type":"ImageObject","inLanguage":"pt-BR","@id":"https:\/\/www.impacta.com.br\/blog\/#\/schema\/person\/image\/","url":"https:\/\/secure.gravatar.com\/avatar\/bae38fda68ae34b80e3d01e4b8be10c8?s=96&d=mm&r=g","contentUrl":"https:\/\/secure.gravatar.com\/avatar\/bae38fda68ae34b80e3d01e4b8be10c8?s=96&d=mm&r=g","caption":"J\u00e9ssica Lima"},"url":"https:\/\/www.impacta.com.br\/blog\/author\/jessica-lima\/"}]}},"acf":{"post_description":null,"capa_mobile":null},"_links":{"self":[{"href":"https:\/\/www.impacta.com.br\/blog\/wp-json\/wp\/v2\/posts\/1013","targetHints":{"allow":["GET"]}}],"collection":[{"href":"https:\/\/www.impacta.com.br\/blog\/wp-json\/wp\/v2\/posts"}],"about":[{"href":"https:\/\/www.impacta.com.br\/blog\/wp-json\/wp\/v2\/types\/post"}],"author":[{"embeddable":true,"href":"https:\/\/www.impacta.com.br\/blog\/wp-json\/wp\/v2\/users\/57"}],"replies":[{"embeddable":true,"href":"https:\/\/www.impacta.com.br\/blog\/wp-json\/wp\/v2\/comments?post=1013"}],"version-history":[{"count":0,"href":"https:\/\/www.impacta.com.br\/blog\/wp-json\/wp\/v2\/posts\/1013\/revisions"}],"wp:featuredmedia":[{"embeddable":true,"href":"https:\/\/www.impacta.com.br\/blog\/wp-json\/wp\/v2\/media\/18042"}],"wp:attachment":[{"href":"https:\/\/www.impacta.com.br\/blog\/wp-json\/wp\/v2\/media?parent=1013"}],"wp:term":[{"taxonomy":"category","embeddable":true,"href":"https:\/\/www.impacta.com.br\/blog\/wp-json\/wp\/v2\/categories?post=1013"},{"taxonomy":"post_tag","embeddable":true,"href":"https:\/\/www.impacta.com.br\/blog\/wp-json\/wp\/v2\/tags?post=1013"}],"curies":[{"name":"wp","href":"https:\/\/api.w.org\/{rel}","templated":true}]}}