{"id":10076,"date":"2016-09-23T17:54:32","date_gmt":"2016-09-23T20:54:32","guid":{"rendered":"http:\/\/www.impacta.com.br\/blog\/?p=10076"},"modified":"2016-09-23T17:54:32","modified_gmt":"2016-09-23T20:54:32","slug":"6-motivos-para-investir-no-treinamento-e-capacitacao-dos-colaboradores-e-lucrar-com-isso","status":"publish","type":"post","link":"https:\/\/www.impacta.com.br\/blog\/6-motivos-para-investir-no-treinamento-e-capacitacao-dos-colaboradores-e-lucrar-com-isso\/","title":{"rendered":"6 motivos para investir na capacita\u00e7\u00e3o dos colaboradores!"},"content":{"rendered":"<p style=\"text-align: left;\"><span style=\"font-size: 14pt;\">Em \u00e9poca de dificuldades econ\u00f4micas e recess\u00e3o do mercado \u00e9 comum que as empresas busquem a redu\u00e7\u00e3o de custos e o aumento da produtividade. E \u00e9 justamente na hora de fazer esses cortes que muitas companhias acabam errando ao deixarem de investir no <a title=\"Invista em treinamentos e capacita\u00e7\u00e3o dos colaboradores\" href=\"https:\/\/www.impacta.com.br\/\" target=\"_blank\" rel=\"noopener noreferrer\">treinamento e capacita\u00e7\u00e3o<\/a> dos colaboradores de sua equipe.<\/span><\/p>\n<p style=\"text-align: left;\"><span style=\"font-size: 14pt;\">O problema \u00e9 que o corte desse or\u00e7amento pode deixar sua empresa menos competitiva ao m\u00e9dio e longo prazo. <\/span><\/p>\n<p style=\"text-align: left;\"><span style=\"font-size: 14pt;\">Para te mostrar como isso \u00e9 pode ser um erro, separamos <strong>seis motivos que provam que investir no treinamento dos colaboradores pode te trazer lucro mesmo em dias de crise.<\/strong><\/span><\/p>\n<h2 style=\"text-align: left;\"><span style=\"font-size: 14pt;\"><strong>Mais produtividade<\/strong><\/span><\/h2>\n<p style=\"text-align: left;\"><span style=\"font-size: 14pt;\">A palavra certa em momentos de crise \u00e9 <a title=\"6 dicas para estimular a produtividade em seus colaboradores\" href=\"https:\/\/www.impacta.com.br\/blog\/2015\/11\/24\/6-dicas-para-estimular-a-produtividade-em-seus-colaboradores\/\" target=\"_blank\" rel=\"noopener noreferrer\">produtividade<\/a>. E incentivar a capacita\u00e7\u00e3o profissional de sua equipe de colaboradores \u00e9 tamb\u00e9m investir em produtividade para seu neg\u00f3cio. <\/span><\/p>\n<p style=\"text-align: left;\"><span style=\"font-size: 14pt;\">Afinal, um profissional que desenvolva habilidades espec\u00edficas pode realizar seu trabalho com muito mais qualidade e em menos tempo, em algumas vezes permitindo at\u00e9 mesmo a <strong>economia com servi\u00e7os terceirizados<\/strong>.<\/span><\/p>\n<h2 style=\"text-align: left;\"><span style=\"font-size: 14pt;\"><strong>Menor rotatividade da equipe<\/strong><\/span><\/h2>\n<p style=\"text-align: left;\"><span style=\"font-size: 14pt;\">Investir na capacita\u00e7\u00e3o dos colaboradores com <a title=\"Cursos e treinamentos para sua carreira\" href=\"https:\/\/lp.impacta.com.br\/corporativo\/\" target=\"_blank\" rel=\"noopener noreferrer\">cursos e treinamentos<\/a> diminui o n\u00famero de demiss\u00f5es e trocas na equipe. O funcion\u00e1rio preparado se mant\u00e9m atualizado, v\u00ea incentivos dentro da empresa e evita a perda de tempo e dinheiro na contrata\u00e7\u00e3o e ambienta\u00e7\u00e3o de novos contratados.<\/span><\/p>\n<p style=\"text-align: center;\"><img loading=\"lazy\" decoding=\"async\" class=\"aligncenter wp-image-10079\" title=\"Investir no treinamento e capacita\u00e7\u00e3o dos colaboradores pode trazer lucros para empresa\" src=\"https:\/\/www.impacta.com.br\/blog\/wp-content\/uploads\/2016\/09\/shutterstock_367750154.jpg\" alt=\"Investir no treinamento e capacita\u00e7\u00e3o dos colaboradores pode trazer lucros para empresa\" width=\"600\" height=\"400\" \/><\/p>\n<h2 style=\"text-align: left;\"><span style=\"font-size: 14pt;\"><strong>Melhor ambiente de trabalho<\/strong><\/span><\/h2>\n<p style=\"text-align: left;\"><span style=\"font-size: 14pt;\">Oferecer aos seus colaboradores a oportunidade de capacita\u00e7\u00e3o profissional faz com eles se sintam valorizados e como parte importante da empresa. <\/span><\/p>\n<p style=\"text-align: left;\"><span style=\"font-size: 14pt;\">Isso contribui para ter uma equipe mais fiel aos valores e miss\u00f5es da empresa.<\/span><\/p>\n<h2 style=\"text-align: left;\"><span style=\"font-size: 14pt;\"><strong>Uni\u00e3o e integra\u00e7\u00e3o entre colaboradores<\/strong><\/span><\/h2>\n<p style=\"text-align: left;\"><span style=\"font-size: 14pt;\">Oferecer treinamentos para seus funcion\u00e1rios \u00e9 uma \u00f3tima maneira de motivar e unir a equipe. Isso estimula o conv\u00edvio, o aprendizado m\u00fatuo e traz muitos benef\u00edcios para o fluxo de trabalho. <\/span><\/p>\n<p style=\"text-align: left;\"><span style=\"font-size: 14pt;\">Al\u00e9m disso, um colaborador bem treinado pode muitas vezes treinar novos funcion\u00e1rios, agregando valor para toda empresa.<\/span><\/p>\n<h2 style=\"text-align: left;\"><span style=\"font-size: 14pt;\"><strong>Sua empresa ainda mais competitiva<\/strong><\/span><\/h2>\n<p style=\"text-align: left;\"><span style=\"font-size: 14pt;\">Uma empresa formada por profissionais capacitados e atualizados com certeza oferece melhores servi\u00e7os. Com novas habilidades aprendidas, seus colaboradores ter\u00e3o sempre mais recursos para achar solu\u00e7\u00f5es e ajudarem a empresa a ser competitiva no mercado.<\/span><\/p>\n<h2 style=\"text-align: left;\"><span style=\"font-size: 14pt;\"><strong>E ainda: voc\u00ea reduz custos!<\/strong><\/span><\/h2>\n<p style=\"text-align: left;\"><span style=\"font-size: 14pt;\">Voc\u00ea j\u00e1 deve ter percebido nos cinco motivos anteriores, que investir capacita\u00e7\u00e3o dos colaboradores acaba trazendo alguns benef\u00edcios que permitem a <strong>redu\u00e7\u00e3o de custos<\/strong>, como a diminui\u00e7\u00e3o de rotatividade do efetivo.<\/span><\/p>\n<p style=\"text-align: left;\"><span style=\"font-size: 14pt;\">Al\u00e9m disso, profissionais capacitados sabem utilizar as t\u00e9cnicas corretas para a execu\u00e7\u00e3o de seu trabalho, reduzindo os gastos com materiais agora desnecess\u00e1rios e sendo mais produtivos para a empresa.<\/span><\/p>\n<p style=\"text-align: left;\"><span style=\"font-size: 14pt;\">Agora que voc\u00ea j\u00e1 conheceu esses seis motivos, est\u00e1 esperando o que para come\u00e7ar a capacitar sua equipe e deixar sua empresa sempre no topo?<\/span><\/p>\n<p style=\"text-align: left;\"><span style=\"font-size: 14pt;\"><span style=\"color: #0000ff;\"><strong>CONFIRA MAIS:\u00a0<\/strong><\/span><strong>Baixe o e-Book gratuito e\u00a0veja tudo o que precisa saber para ter colaboradores capacitados e engajados.\u00a0<\/strong><a title=\"Baixe o seu e-book gratuito aqui\" href=\"https:\/\/goo.gl\/HaF9KA\" target=\"_blank\" rel=\"noopener noreferrer\">Inscreva-se e receba o seu<\/a>!<\/span><\/p>\n<p style=\"text-align: center;\"><a href=\"https:\/\/goo.gl\/HaF9KA\" target=\"_blank\" rel=\"noopener noreferrer\"><img loading=\"lazy\" decoding=\"async\" class=\"aligncenter wp-image-10541\" title=\"e-Book gratuito: um guia para ter funcion\u00e1rios mais capacitados\" src=\"https:\/\/www.impacta.com.br\/blog\/wp-content\/uploads\/2016\/12\/img_blog-1.png\" alt=\"e-Book gratuito: um guia para ter funcion\u00e1rios mais capacitados\" width=\"600\" height=\"208\" \/><\/a><\/p>\n<p style=\"text-align: center;\"><span style=\"font-size: 14pt;\"><a title=\"Baixe o seu e-book gratuito aqui\" href=\"https:\/\/goo.gl\/HaF9KA\" target=\"_blank\" rel=\"noopener noreferrer\"><strong>Baixe o e-Book aqui!<\/strong><\/a><\/span><\/p>\n<div class=\"sharing-default-minimal post-bottom\"><div class=\"nectar-social default\" data-position=\"\" data-rm-love=\"0\" data-color-override=\"override\"><div class=\"nectar-social-inner\"><a href=\"#\" class=\"nectar-love\" id=\"nectar-love-10076\" title=\"Love this\"> <i class=\"icon-salient-heart-2\"><\/i><span class=\"love-text\">Love<\/span><span class=\"total_loves\"><span class=\"nectar-love-count\">0<\/span><\/span><\/a><a class='facebook-share nectar-sharing' href='#' title='Share this'> <i class='fa fa-facebook'><\/i> <span class='social-text'>Share<\/span> <\/a><a class='twitter-share nectar-sharing' href='#' title='Share this'> <i class='fa icon-salient-x-twitter'><\/i> <span class='social-text'>Share<\/span> <\/a><a class='linkedin-share nectar-sharing' href='#' title='Share this'> <i class='fa fa-linkedin'><\/i> <span class='social-text'>Share<\/span> <\/a><a class='pinterest-share nectar-sharing' href='#' title='Pin this'> <i class='fa fa-pinterest'><\/i> <span class='social-text'>Pin<\/span> <\/a><\/div><\/div><\/div>","protected":false},"excerpt":{"rendered":"<p>Em \u00e9poca de dificuldades econ\u00f4micas e recess\u00e3o do mercado \u00e9 comum que as empresas busquem a redu\u00e7\u00e3o de custos e o aumento da produtividade. E \u00e9 justamente na hora de fazer esses cortes que muitas companhias acabam errando ao deixarem de investir no treinamento e capacita\u00e7\u00e3o dos colaboradores de sua equipe. O problema \u00e9 que [&hellip;]<\/p>\n","protected":false},"author":2,"featured_media":17476,"comment_status":"open","ping_status":"open","sticky":false,"template":"","format":"standard","meta":{"footnotes":""},"categories":[13],"tags":[460,410],"class_list":["post-10076","post","type-post","status-publish","format-standard","has-post-thumbnail","hentry","category-carreira","tag-capacitacao-dos-colaboradores","tag-qualificacao-profissional"],"yoast_head":"<!-- This site is optimized with the Yoast SEO plugin v25.1 - https:\/\/yoast.com\/wordpress\/plugins\/seo\/ -->\r\n<title>6 motivos para investir na capacita\u00e7\u00e3o dos colaboradores!<\/title>\r\n<meta name=\"description\" content=\"Mesmo em \u00e9poca de crise econ\u00f4mica, investir no treinamento e capacita\u00e7\u00e3o dos colaboradores pode ser \u00f3timo para sua empresa. Confira 6 motivos:\" \/>\r\n<meta name=\"robots\" content=\"index, follow, max-snippet:-1, max-image-preview:large, max-video-preview:-1\" \/>\r\n<link rel=\"canonical\" href=\"https:\/\/www.impacta.com.br\/blog\/6-motivos-para-investir-no-treinamento-e-capacitacao-dos-colaboradores-e-lucrar-com-isso\/\" \/>\r\n<meta property=\"og:locale\" content=\"pt_BR\" \/>\r\n<meta property=\"og:type\" content=\"article\" \/>\r\n<meta property=\"og:title\" content=\"6 motivos para investir na capacita\u00e7\u00e3o dos colaboradores!\" \/>\r\n<meta property=\"og:description\" content=\"Mesmo em \u00e9poca de crise econ\u00f4mica, investir no treinamento e capacita\u00e7\u00e3o dos colaboradores pode ser \u00f3timo para sua empresa. Confira 6 motivos:\" \/>\r\n<meta property=\"og:url\" content=\"https:\/\/www.impacta.com.br\/blog\/6-motivos-para-investir-no-treinamento-e-capacitacao-dos-colaboradores-e-lucrar-com-isso\/\" \/>\r\n<meta property=\"og:site_name\" content=\"Blog Impacta - Dicas e Not\u00edcias sobre Carreira\" \/>\r\n<meta property=\"article:published_time\" content=\"2016-09-23T20:54:32+00:00\" \/>\r\n<meta property=\"og:image\" content=\"https:\/\/www.impacta.com.br\/blog\/wp-content\/uploads\/2020\/04\/header_investir-capacitacao_colaboradores.jpg\" \/>\r\n\t<meta property=\"og:image:width\" content=\"850\" \/>\r\n\t<meta property=\"og:image:height\" content=\"284\" \/>\r\n\t<meta property=\"og:image:type\" content=\"image\/jpeg\" \/>\r\n<meta name=\"author\" content=\"Reda\u00e7\u00e3o Impacta\" \/>\r\n<meta name=\"twitter:card\" content=\"summary_large_image\" \/>\r\n<meta name=\"twitter:label1\" content=\"Written by\" \/>\n\t<meta name=\"twitter:data1\" content=\"Reda\u00e7\u00e3o Impacta\" \/>\n\t<meta name=\"twitter:label2\" content=\"Est. reading time\" \/>\n\t<meta name=\"twitter:data2\" content=\"2 minutos\" \/>\r\n<script type=\"application\/ld+json\" class=\"yoast-schema-graph\">{\"@context\":\"https:\/\/schema.org\",\"@graph\":[{\"@type\":\"WebPage\",\"@id\":\"https:\/\/www.impacta.com.br\/blog\/6-motivos-para-investir-no-treinamento-e-capacitacao-dos-colaboradores-e-lucrar-com-isso\/\",\"url\":\"https:\/\/www.impacta.com.br\/blog\/6-motivos-para-investir-no-treinamento-e-capacitacao-dos-colaboradores-e-lucrar-com-isso\/\",\"name\":\"6 motivos para investir na capacita\u00e7\u00e3o dos colaboradores!\",\"isPartOf\":{\"@id\":\"https:\/\/www.impacta.com.br\/blog\/#website\"},\"primaryImageOfPage\":{\"@id\":\"https:\/\/www.impacta.com.br\/blog\/6-motivos-para-investir-no-treinamento-e-capacitacao-dos-colaboradores-e-lucrar-com-isso\/#primaryimage\"},\"image\":{\"@id\":\"https:\/\/www.impacta.com.br\/blog\/6-motivos-para-investir-no-treinamento-e-capacitacao-dos-colaboradores-e-lucrar-com-isso\/#primaryimage\"},\"thumbnailUrl\":\"https:\/\/www.impacta.com.br\/blog\/wp-content\/uploads\/2020\/04\/header_investir-capacitacao_colaboradores.jpg\",\"datePublished\":\"2016-09-23T20:54:32+00:00\",\"author\":{\"@id\":\"https:\/\/www.impacta.com.br\/blog\/#\/schema\/person\/2e0896bac7656da15b68f5ad2ddd0d8c\"},\"description\":\"Mesmo em \u00e9poca de crise econ\u00f4mica, investir no treinamento e capacita\u00e7\u00e3o dos colaboradores pode ser \u00f3timo para sua empresa. Confira 6 motivos:\",\"breadcrumb\":{\"@id\":\"https:\/\/www.impacta.com.br\/blog\/6-motivos-para-investir-no-treinamento-e-capacitacao-dos-colaboradores-e-lucrar-com-isso\/#breadcrumb\"},\"inLanguage\":\"pt-BR\",\"potentialAction\":[{\"@type\":\"ReadAction\",\"target\":[\"https:\/\/www.impacta.com.br\/blog\/6-motivos-para-investir-no-treinamento-e-capacitacao-dos-colaboradores-e-lucrar-com-isso\/\"]}]},{\"@type\":\"ImageObject\",\"inLanguage\":\"pt-BR\",\"@id\":\"https:\/\/www.impacta.com.br\/blog\/6-motivos-para-investir-no-treinamento-e-capacitacao-dos-colaboradores-e-lucrar-com-isso\/#primaryimage\",\"url\":\"https:\/\/www.impacta.com.br\/blog\/wp-content\/uploads\/2020\/04\/header_investir-capacitacao_colaboradores.jpg\",\"contentUrl\":\"https:\/\/www.impacta.com.br\/blog\/wp-content\/uploads\/2020\/04\/header_investir-capacitacao_colaboradores.jpg\",\"width\":850,\"height\":284},{\"@type\":\"BreadcrumbList\",\"@id\":\"https:\/\/www.impacta.com.br\/blog\/6-motivos-para-investir-no-treinamento-e-capacitacao-dos-colaboradores-e-lucrar-com-isso\/#breadcrumb\",\"itemListElement\":[{\"@type\":\"ListItem\",\"position\":1,\"name\":\"In\u00edcio\",\"item\":\"https:\/\/www.impacta.com.br\/blog\/\"},{\"@type\":\"ListItem\",\"position\":2,\"name\":\"6 motivos para investir na capacita\u00e7\u00e3o dos colaboradores!\"}]},{\"@type\":\"WebSite\",\"@id\":\"https:\/\/www.impacta.com.br\/blog\/#website\",\"url\":\"https:\/\/www.impacta.com.br\/blog\/\",\"name\":\"Blog Impacta - Dicas e Not\u00edcias sobre Carreira\",\"description\":\"Dicas, Not\u00edcias e Conte\u00fados sobre Carreira, Tecnologia, Design, Gest\u00e3o e Marketing. Conhe\u00e7a e Acompanhe o Blog Impacta\",\"potentialAction\":[{\"@type\":\"SearchAction\",\"target\":{\"@type\":\"EntryPoint\",\"urlTemplate\":\"https:\/\/www.impacta.com.br\/blog\/?s={search_term_string}\"},\"query-input\":{\"@type\":\"PropertyValueSpecification\",\"valueRequired\":true,\"valueName\":\"search_term_string\"}}],\"inLanguage\":\"pt-BR\"},{\"@type\":\"Person\",\"@id\":\"https:\/\/www.impacta.com.br\/blog\/#\/schema\/person\/2e0896bac7656da15b68f5ad2ddd0d8c\",\"name\":\"Reda\u00e7\u00e3o Impacta\",\"image\":{\"@type\":\"ImageObject\",\"inLanguage\":\"pt-BR\",\"@id\":\"https:\/\/www.impacta.com.br\/blog\/#\/schema\/person\/image\/\",\"url\":\"https:\/\/secure.gravatar.com\/avatar\/7443a59e479c8f31067628e3a4bed9ad?s=96&d=mm&r=g\",\"contentUrl\":\"https:\/\/secure.gravatar.com\/avatar\/7443a59e479c8f31067628e3a4bed9ad?s=96&d=mm&r=g\",\"caption\":\"Reda\u00e7\u00e3o Impacta\"},\"url\":\"https:\/\/www.impacta.com.br\/blog\/author\/redacao\/\"}]}<\/script>\r\n<!-- \/ Yoast SEO plugin. -->","yoast_head_json":{"title":"6 motivos para investir na capacita\u00e7\u00e3o dos colaboradores!","description":"Mesmo em \u00e9poca de crise econ\u00f4mica, investir no treinamento e capacita\u00e7\u00e3o dos colaboradores pode ser \u00f3timo para sua empresa. Confira 6 motivos:","robots":{"index":"index","follow":"follow","max-snippet":"max-snippet:-1","max-image-preview":"max-image-preview:large","max-video-preview":"max-video-preview:-1"},"canonical":"https:\/\/www.impacta.com.br\/blog\/6-motivos-para-investir-no-treinamento-e-capacitacao-dos-colaboradores-e-lucrar-com-isso\/","og_locale":"pt_BR","og_type":"article","og_title":"6 motivos para investir na capacita\u00e7\u00e3o dos colaboradores!","og_description":"Mesmo em \u00e9poca de crise econ\u00f4mica, investir no treinamento e capacita\u00e7\u00e3o dos colaboradores pode ser \u00f3timo para sua empresa. Confira 6 motivos:","og_url":"https:\/\/www.impacta.com.br\/blog\/6-motivos-para-investir-no-treinamento-e-capacitacao-dos-colaboradores-e-lucrar-com-isso\/","og_site_name":"Blog Impacta - Dicas e Not\u00edcias sobre Carreira","article_published_time":"2016-09-23T20:54:32+00:00","og_image":[{"width":850,"height":284,"url":"https:\/\/www.impacta.com.br\/blog\/wp-content\/uploads\/2020\/04\/header_investir-capacitacao_colaboradores.jpg","type":"image\/jpeg"}],"author":"Reda\u00e7\u00e3o Impacta","twitter_card":"summary_large_image","twitter_misc":{"Written by":"Reda\u00e7\u00e3o Impacta","Est. reading time":"2 minutos"},"schema":{"@context":"https:\/\/schema.org","@graph":[{"@type":"WebPage","@id":"https:\/\/www.impacta.com.br\/blog\/6-motivos-para-investir-no-treinamento-e-capacitacao-dos-colaboradores-e-lucrar-com-isso\/","url":"https:\/\/www.impacta.com.br\/blog\/6-motivos-para-investir-no-treinamento-e-capacitacao-dos-colaboradores-e-lucrar-com-isso\/","name":"6 motivos para investir na capacita\u00e7\u00e3o dos colaboradores!","isPartOf":{"@id":"https:\/\/www.impacta.com.br\/blog\/#website"},"primaryImageOfPage":{"@id":"https:\/\/www.impacta.com.br\/blog\/6-motivos-para-investir-no-treinamento-e-capacitacao-dos-colaboradores-e-lucrar-com-isso\/#primaryimage"},"image":{"@id":"https:\/\/www.impacta.com.br\/blog\/6-motivos-para-investir-no-treinamento-e-capacitacao-dos-colaboradores-e-lucrar-com-isso\/#primaryimage"},"thumbnailUrl":"https:\/\/www.impacta.com.br\/blog\/wp-content\/uploads\/2020\/04\/header_investir-capacitacao_colaboradores.jpg","datePublished":"2016-09-23T20:54:32+00:00","author":{"@id":"https:\/\/www.impacta.com.br\/blog\/#\/schema\/person\/2e0896bac7656da15b68f5ad2ddd0d8c"},"description":"Mesmo em \u00e9poca de crise econ\u00f4mica, investir no treinamento e capacita\u00e7\u00e3o dos colaboradores pode ser \u00f3timo para sua empresa. Confira 6 motivos:","breadcrumb":{"@id":"https:\/\/www.impacta.com.br\/blog\/6-motivos-para-investir-no-treinamento-e-capacitacao-dos-colaboradores-e-lucrar-com-isso\/#breadcrumb"},"inLanguage":"pt-BR","potentialAction":[{"@type":"ReadAction","target":["https:\/\/www.impacta.com.br\/blog\/6-motivos-para-investir-no-treinamento-e-capacitacao-dos-colaboradores-e-lucrar-com-isso\/"]}]},{"@type":"ImageObject","inLanguage":"pt-BR","@id":"https:\/\/www.impacta.com.br\/blog\/6-motivos-para-investir-no-treinamento-e-capacitacao-dos-colaboradores-e-lucrar-com-isso\/#primaryimage","url":"https:\/\/www.impacta.com.br\/blog\/wp-content\/uploads\/2020\/04\/header_investir-capacitacao_colaboradores.jpg","contentUrl":"https:\/\/www.impacta.com.br\/blog\/wp-content\/uploads\/2020\/04\/header_investir-capacitacao_colaboradores.jpg","width":850,"height":284},{"@type":"BreadcrumbList","@id":"https:\/\/www.impacta.com.br\/blog\/6-motivos-para-investir-no-treinamento-e-capacitacao-dos-colaboradores-e-lucrar-com-isso\/#breadcrumb","itemListElement":[{"@type":"ListItem","position":1,"name":"In\u00edcio","item":"https:\/\/www.impacta.com.br\/blog\/"},{"@type":"ListItem","position":2,"name":"6 motivos para investir na capacita\u00e7\u00e3o dos colaboradores!"}]},{"@type":"WebSite","@id":"https:\/\/www.impacta.com.br\/blog\/#website","url":"https:\/\/www.impacta.com.br\/blog\/","name":"Blog Impacta - Dicas e Not\u00edcias sobre Carreira","description":"Dicas, Not\u00edcias e Conte\u00fados sobre Carreira, Tecnologia, Design, Gest\u00e3o e Marketing. Conhe\u00e7a e Acompanhe o Blog Impacta","potentialAction":[{"@type":"SearchAction","target":{"@type":"EntryPoint","urlTemplate":"https:\/\/www.impacta.com.br\/blog\/?s={search_term_string}"},"query-input":{"@type":"PropertyValueSpecification","valueRequired":true,"valueName":"search_term_string"}}],"inLanguage":"pt-BR"},{"@type":"Person","@id":"https:\/\/www.impacta.com.br\/blog\/#\/schema\/person\/2e0896bac7656da15b68f5ad2ddd0d8c","name":"Reda\u00e7\u00e3o Impacta","image":{"@type":"ImageObject","inLanguage":"pt-BR","@id":"https:\/\/www.impacta.com.br\/blog\/#\/schema\/person\/image\/","url":"https:\/\/secure.gravatar.com\/avatar\/7443a59e479c8f31067628e3a4bed9ad?s=96&d=mm&r=g","contentUrl":"https:\/\/secure.gravatar.com\/avatar\/7443a59e479c8f31067628e3a4bed9ad?s=96&d=mm&r=g","caption":"Reda\u00e7\u00e3o Impacta"},"url":"https:\/\/www.impacta.com.br\/blog\/author\/redacao\/"}]}},"acf":{"post_description":null,"capa_mobile":null},"_links":{"self":[{"href":"https:\/\/www.impacta.com.br\/blog\/wp-json\/wp\/v2\/posts\/10076","targetHints":{"allow":["GET"]}}],"collection":[{"href":"https:\/\/www.impacta.com.br\/blog\/wp-json\/wp\/v2\/posts"}],"about":[{"href":"https:\/\/www.impacta.com.br\/blog\/wp-json\/wp\/v2\/types\/post"}],"author":[{"embeddable":true,"href":"https:\/\/www.impacta.com.br\/blog\/wp-json\/wp\/v2\/users\/2"}],"replies":[{"embeddable":true,"href":"https:\/\/www.impacta.com.br\/blog\/wp-json\/wp\/v2\/comments?post=10076"}],"version-history":[{"count":0,"href":"https:\/\/www.impacta.com.br\/blog\/wp-json\/wp\/v2\/posts\/10076\/revisions"}],"wp:featuredmedia":[{"embeddable":true,"href":"https:\/\/www.impacta.com.br\/blog\/wp-json\/wp\/v2\/media\/17476"}],"wp:attachment":[{"href":"https:\/\/www.impacta.com.br\/blog\/wp-json\/wp\/v2\/media?parent=10076"}],"wp:term":[{"taxonomy":"category","embeddable":true,"href":"https:\/\/www.impacta.com.br\/blog\/wp-json\/wp\/v2\/categories?post=10076"},{"taxonomy":"post_tag","embeddable":true,"href":"https:\/\/www.impacta.com.br\/blog\/wp-json\/wp\/v2\/tags?post=10076"}],"curies":[{"name":"wp","href":"https:\/\/api.w.org\/{rel}","templated":true}]}}